{"id":72340,"date":"2022-03-06T17:18:36","date_gmt":"2022-03-06T23:18:36","guid":{"rendered":"http:\/\/diariodigitalmx.com\/?p=72340"},"modified":"2022-03-06T17:19:06","modified_gmt":"2022-03-06T23:19:06","slug":"en-educacion-la-prueba-del-acido-es-la-empleabilidad","status":"publish","type":"post","link":"https:\/\/diariodigitalmx.com\/index.php\/2022\/03\/06\/en-educacion-la-prueba-del-acido-es-la-empleabilidad\/","title":{"rendered":"En educaci\u00f3n, la prueba del \u00e1cido es la empleabilidad"},"content":{"rendered":"\n<p>Juan Palacios D\u00e1vila<\/p>\n\n\n\n<p>La prueba del \u00e1cido de cualquier instituci\u00f3n formadora de profesionales t\u00e9cnicos o de profesionales sin m\u00e1s, no es una simple evaluaci\u00f3n, no es la acreditaci\u00f3n de un examen estandarizado, es la aceptaci\u00f3n que sus egresados tengan en el mundo laboral y Conalep en ese sentido la supera con creces.<\/p>\n\n\n\n<p>Es este, el de la formaci\u00f3n de profesionales t\u00e9cnicos por la v\u00eda de Conalep, un rubro en el cual la Secretar\u00eda de Educaci\u00f3n, con la Maestra Delfina G\u00f3mez \u00c1lvarez al frente, se apunta un \u00e9xito importante, ya que al lograr que un alto porcentaje de los egresados de esta instituci\u00f3n se integre a la vida productiva, tambi\u00e9n logra que las condiciones de vida de los j\u00f3venes y sus familias sea mejor, sea una vida digna de ser vivida.<\/p>\n\n\n\n<p>No podemos olvidar que ese es precisamente uno de los objetivos \u00faltimos de la educaci\u00f3n, generar las condiciones para que las personas vivan una vida buena, una vida plena, digna de ser vivida.<\/p>\n\n\n\n<p>Este es un trabajo que es la prueba final o la prueba de \u00e1cido para las instituciones educativas, pacientemente, con visi\u00f3n y con conocimiento de causa se ha venido desarrollando en el Colegio bajo la direcci\u00f3n del Dr. Enrique Ku Herrera desde hace varios a\u00f1os quien, al mismo tiempo que trabajaba hacia el interior de la instituci\u00f3n, fue construyendo una serie de acuerdos institucionales que est\u00e1n dando frutos importantes.<\/p>\n\n\n\n<p>El Dr. Ku, con una visi\u00f3n que hoy se designa como transversal, entendi\u00f3 que si bien el proceso educativo depende de la Secretar\u00eda de Educaci\u00f3n y sus instituciones, impulsar a sus egresados en el mundo laboral, en un mundo globalizado, requiere de un trabajo conjunto con las Secretar\u00edas de Econom\u00eda, del Trabajo, de Relaciones Exteriores, con los gobiernos estatales, caso destacado la vinculaci\u00f3n que se realiza con la CDMX y su jefa de Gobierno Claudia Sheinbaum, as\u00ed como, por supuesto, con los empresarios de todos los tama\u00f1os quienes son, al final de cuentas, los empleadores de los egresados de Conalep.<\/p>\n\n\n\n<p>En M\u00e9xico, las empresas han entendido que tienen en Conalep un aliado confiable para formar sus plantillas laborales y tan es as\u00ed, que los egresados del Colegio son altamente demandados, inclusive algunas empresas como Siemens, Mercedes Benz, Caterpillar, Ternium, Nemak, Denso, Kia por se\u00f1alar solo algunas, colaboran activamente en el mejoramiento de las condiciones en las cuales se lleva el proceso educativo, para la formaci\u00f3n de los mejores profesionales t\u00e9cnicos del pa\u00eds.<\/p>\n\n\n\n<p>Hoy, por poner otro ejemplo, empleadores de Canad\u00e1 buscan, a trav\u00e9s del portal de la Secretar\u00eda del Trabajo y Previsi\u00f3n Social del gobierno mexicano, a egresados de Conalep para trabajar en aqu\u00e9l pa\u00eds con salarios superiores a los dos mil quinientos d\u00f3lares norteamericanos.<\/p>\n\n\n\n<p>Los egresados de Conalep son solicitados y contratados en Alemania, Espa\u00f1a, Canad\u00e1, Estados Unidos y otras partes del mundo por su alta competitividad.<\/p>\n\n\n\n<p>Todav\u00eda el Conalep da un paso m\u00e1s de vinculaci\u00f3n, al ofrecer a los mexicanos que se encuentran en Estados Unidos, la posibilidad de capacitarse en Office, el paquete de Windows que incluye Excel, Power Point y Word, un trabajo conjunto con la Secretar\u00eda de Relaciones Exteriores que apoya a quienes emigraron por cuestiones laborales.<\/p>\n\n\n\n<p>A pesar de la crisis y la contingencia por la pandemia, consideramos que es tiempo de valorar lo que tenemos en el \u00e1mbito educativo, en este caso, justipreciar la labor que realiza Conalep, como un acierto de la Secretaria de Educaci\u00f3n, Maestra Delfina G\u00f3mez \u00c1lvarez.<\/p>\n","protected":false},"excerpt":{"rendered":"<p>Juan Palacios D\u00e1vila La prueba del \u00e1cido de cualquier instituci\u00f3n formadora de profesionales t\u00e9cnicos o de profesionales sin m\u00e1s, no es una simple evaluaci\u00f3n, no es la acreditaci\u00f3n de un examen estandarizado, es la aceptaci\u00f3n que sus egresados tengan en el mundo laboral y Conalep en ese sentido la supera con creces. Es este, el [&hellip;]<\/p>\n","protected":false},"author":1,"featured_media":72342,"comment_status":"open","ping_status":"open","sticky":true,"template":"","format":"standard","meta":{"footnotes":""},"categories":[12,5],"tags":[],"_links":{"self":[{"href":"https:\/\/diariodigitalmx.com\/index.php\/wp-json\/wp\/v2\/posts\/72340"}],"collection":[{"href":"https:\/\/diariodigitalmx.com\/index.php\/wp-json\/wp\/v2\/posts"}],"about":[{"href":"https:\/\/diariodigitalmx.com\/index.php\/wp-json\/wp\/v2\/types\/post"}],"author":[{"embeddable":true,"href":"https:\/\/diariodigitalmx.com\/index.php\/wp-json\/wp\/v2\/users\/1"}],"replies":[{"embeddable":true,"href":"https:\/\/diariodigitalmx.com\/index.php\/wp-json\/wp\/v2\/comments?post=72340"}],"version-history":[{"count":1,"href":"https:\/\/diariodigitalmx.com\/index.php\/wp-json\/wp\/v2\/posts\/72340\/revisions"}],"predecessor-version":[{"id":72341,"href":"https:\/\/diariodigitalmx.com\/index.php\/wp-json\/wp\/v2\/posts\/72340\/revisions\/72341"}],"wp:featuredmedia":[{"embeddable":true,"href":"https:\/\/diariodigitalmx.com\/index.php\/wp-json\/wp\/v2\/media\/72342"}],"wp:attachment":[{"href":"https:\/\/diariodigitalmx.com\/index.php\/wp-json\/wp\/v2\/media?parent=72340"}],"wp:term":[{"taxonomy":"category","embeddable":true,"href":"https:\/\/diariodigitalmx.com\/index.php\/wp-json\/wp\/v2\/categories?post=72340"},{"taxonomy":"post_tag","embeddable":true,"href":"https:\/\/diariodigitalmx.com\/index.php\/wp-json\/wp\/v2\/tags?post=72340"}],"curies":[{"name":"wp","href":"https:\/\/api.w.org\/{rel}","templated":true}]}}