{"id":72343,"date":"2022-03-06T20:40:28","date_gmt":"2022-03-07T02:40:28","guid":{"rendered":"http:\/\/diariodigitalmx.com\/?p=72343"},"modified":"2022-03-06T20:41:05","modified_gmt":"2022-03-07T02:41:05","slug":"la-fe-del-arzobispo-cabrera","status":"publish","type":"post","link":"https:\/\/diariodigitalmx.com\/index.php\/2022\/03\/06\/la-fe-del-arzobispo-cabrera\/","title":{"rendered":"La FE del arzobispo Cabrera"},"content":{"rendered":"\n<p><\/p>\n\n\n\n<p>Por Salvador Hern\u00e1ndez <strong><em>LANDEROS<\/em><\/strong><\/p>\n\n\n\n<p>Con todo respeto a su jerarqu\u00eda, <strong><em>parece que el arzobispo Rogelio Cabrera L\u00f3pez est\u00e1 confundiendo su misi\u00f3n como representante de la FE cat\u00f3lica.<\/em><\/strong><\/p>\n\n\n\n<p><strong><em>Su compromiso es con Dios y los cat\u00f3licos. Su proselitismo no debe sujetarse a la agenda de quien busca reflectores a costa de una necesidad natural<\/em><\/strong>.<\/p>\n\n\n\n<p>Convocar a una reuni\u00f3n para orar y pedir a Dios que nos env\u00ede agua <strong><em>y sentar en primera fila a Samuel Garc\u00eda, puede afectar \u201csus buenas intenciones<\/em><\/strong>\u201d.<\/p>\n\n\n\n<p>Rogelio Cabrera, presidente de la Conferencia del Episcopado Mexicano, ante Dios, <strong><em>se debe a los cat\u00f3licos, no a un administrador de los bienes del Estado.<\/em><\/strong>&nbsp;<\/p>\n\n\n\n<p>Lamentamos no poder decir que \u201c<strong><em>la FE mueve monta\u00f1as<\/em><\/strong>\u201d. Nos apena que su convocatoria, <strong><em>s\u00f3lo reuni\u00f3 a unos 500 creyentes, seg\u00fan cr\u00f3nica de El Norte<\/em><\/strong>.<\/p>\n\n\n\n<p><strong><em>La fatalidad de un desabasto del vital liquido en la Presa La Boca, afectar\u00eda a m\u00e1s de cinco millones de habitantes de NL, no s\u00f3lo a esos 500 feligreses<\/em><\/strong>.<\/p>\n\n\n\n<p>Es triste para la comunidad cat\u00f3lica reunir s\u00f3lo a 500, <strong><em>que es una m\u00ednima parte de quienes habitan en el municipio de Santiago, los principales afectados<\/em><\/strong>.<\/p>\n\n\n\n<p><strong><em>La FE del principal cat\u00f3lico estatal fue desde\u00f1ada hasta por el alcalde de Santiago, David de la Pe\u00f1a, quien a la mejor es cat\u00f3lico, pero no emecista<\/em><\/strong>.<\/p>\n\n\n\n<p>A lo mejor los rezos no van a servir de mucho y menos si est\u00e1 de por medio la corrupci\u00f3n pol\u00edtica, <strong><em>pero si puede alentar a que no se haga mal uso del agua<\/em><\/strong>.<\/p>\n\n\n\n<p>El arzobispo Cabrera debe repensar en una nueva convocatoria en un horario y lugar adecuado, <strong><em>por decir un domingo a mediod\u00eda en la plaza Zaragoza<\/em><\/strong>.<\/p>\n\n\n\n<p><strong><em>El agua la necesitamos todos, cat\u00f3licos y no cat\u00f3licos. Tienen todo el derecho pol\u00edticos y no pol\u00edticos, pero sin preferencias ni como invitados de honor<\/em><\/strong>.<\/p>\n\n\n\n<p><a href=\"mailto:chavalolanderos@yahoo.com.mx\">chavalolanderos@yahoo.com.mx<\/a><\/p>\n","protected":false},"excerpt":{"rendered":"<p>Por Salvador Hern\u00e1ndez LANDEROS Con todo respeto a su jerarqu\u00eda, parece que el arzobispo Rogelio Cabrera L\u00f3pez est\u00e1 confundiendo su misi\u00f3n como representante de la FE cat\u00f3lica. Su compromiso es con Dios y los cat\u00f3licos. Su proselitismo no debe sujetarse a la agenda de quien busca reflectores a costa de una necesidad natural. Convocar a [&hellip;]<\/p>\n","protected":false},"author":1,"featured_media":72345,"comment_status":"open","ping_status":"open","sticky":true,"template":"","format":"standard","meta":{"footnotes":""},"categories":[14,12],"tags":[],"_links":{"self":[{"href":"https:\/\/diariodigitalmx.com\/index.php\/wp-json\/wp\/v2\/posts\/72343"}],"collection":[{"href":"https:\/\/diariodigitalmx.com\/index.php\/wp-json\/wp\/v2\/posts"}],"about":[{"href":"https:\/\/diariodigitalmx.com\/index.php\/wp-json\/wp\/v2\/types\/post"}],"author":[{"embeddable":true,"href":"https:\/\/diariodigitalmx.com\/index.php\/wp-json\/wp\/v2\/users\/1"}],"replies":[{"embeddable":true,"href":"https:\/\/diariodigitalmx.com\/index.php\/wp-json\/wp\/v2\/comments?post=72343"}],"version-history":[{"count":1,"href":"https:\/\/diariodigitalmx.com\/index.php\/wp-json\/wp\/v2\/posts\/72343\/revisions"}],"predecessor-version":[{"id":72344,"href":"https:\/\/diariodigitalmx.com\/index.php\/wp-json\/wp\/v2\/posts\/72343\/revisions\/72344"}],"wp:featuredmedia":[{"embeddable":true,"href":"https:\/\/diariodigitalmx.com\/index.php\/wp-json\/wp\/v2\/media\/72345"}],"wp:attachment":[{"href":"https:\/\/diariodigitalmx.com\/index.php\/wp-json\/wp\/v2\/media?parent=72343"}],"wp:term":[{"taxonomy":"category","embeddable":true,"href":"https:\/\/diariodigitalmx.com\/index.php\/wp-json\/wp\/v2\/categories?post=72343"},{"taxonomy":"post_tag","embeddable":true,"href":"https:\/\/diariodigitalmx.com\/index.php\/wp-json\/wp\/v2\/tags?post=72343"}],"curies":[{"name":"wp","href":"https:\/\/api.w.org\/{rel}","templated":true}]}}