{"id":72353,"date":"2022-03-07T11:32:23","date_gmt":"2022-03-07T17:32:23","guid":{"rendered":"http:\/\/diariodigitalmx.com\/?p=72353"},"modified":"2022-03-07T11:33:53","modified_gmt":"2022-03-07T17:33:53","slug":"el-tio-pedrito-se-duerme-con-batman","status":"publish","type":"post","link":"https:\/\/diariodigitalmx.com\/index.php\/2022\/03\/07\/el-tio-pedrito-se-duerme-con-batman\/","title":{"rendered":"El T\u00edo Pedrito se duerme con Batman"},"content":{"rendered":"\n<p>Pedro Sola se durmi\u00f3, no le gust\u00f3 la pel\u00edcula &#8220;The Batman&#8221;; tuvo cr\u00edticas a favor y en contra.&nbsp;<\/p>\n\n\n\n<p>Siempre pol\u00e9mico, Sola, uno de los conductores del programa televisivo Ventaneando fue sincero en sus redes sociales.&nbsp;<\/p>\n\n\n\n<p>Aprovech\u00f3 la oportunidad para expresar su opini\u00f3n sobre la pel\u00edcula protagonizada por Robert Pattinson y Zo\u00eb Kravitz.<\/p>\n\n\n\n<figure class=\"wp-block-image size-large\"><img loading=\"lazy\" decoding=\"async\" width=\"789\" height=\"1024\" src=\"http:\/\/diariodigitalmx.com\/wp-content\/uploads\/2022\/03\/Screenshot_20220307_111717_com.android.chrome2-789x1024.jpg\" alt=\"\" class=\"wp-image-72356\" srcset=\"https:\/\/diariodigitalmx.com\/wp-content\/uploads\/2022\/03\/Screenshot_20220307_111717_com.android.chrome2-789x1024.jpg 789w, https:\/\/diariodigitalmx.com\/wp-content\/uploads\/2022\/03\/Screenshot_20220307_111717_com.android.chrome2-231x300.jpg 231w, https:\/\/diariodigitalmx.com\/wp-content\/uploads\/2022\/03\/Screenshot_20220307_111717_com.android.chrome2-768x997.jpg 768w, https:\/\/diariodigitalmx.com\/wp-content\/uploads\/2022\/03\/Screenshot_20220307_111717_com.android.chrome2.jpg 985w\" sizes=\"(max-width: 789px) 100vw, 789px\" \/><\/figure>\n\n\n\n<p>En Twitter dijo que no le gust\u00f3 &#8220;The Batman&#8221; porque le pareci\u00f3 una cinta muy oscura y lenta, adem\u00e1s, se\u00f1al\u00f3 que todo el tiempo estaba lloviendo. Le aburri\u00f3 tanto &#8220;The Batman&#8221; que por ratos hasta se qued\u00f3 dormido.<\/p>\n\n\n\n<figure class=\"wp-block-image size-large\"><img loading=\"lazy\" decoding=\"async\" width=\"963\" height=\"666\" src=\"http:\/\/diariodigitalmx.com\/wp-content\/uploads\/2022\/03\/Screenshot_20220307_111652_com.android.chrome2.jpg\" alt=\"\" class=\"wp-image-72358\" srcset=\"https:\/\/diariodigitalmx.com\/wp-content\/uploads\/2022\/03\/Screenshot_20220307_111652_com.android.chrome2.jpg 963w, https:\/\/diariodigitalmx.com\/wp-content\/uploads\/2022\/03\/Screenshot_20220307_111652_com.android.chrome2-300x207.jpg 300w, https:\/\/diariodigitalmx.com\/wp-content\/uploads\/2022\/03\/Screenshot_20220307_111652_com.android.chrome2-768x531.jpg 768w\" sizes=\"(max-width: 963px) 100vw, 963px\" \/><\/figure>\n\n\n\n<p>Al T\u00edo Pedrito poco le import\u00f3 las cr\u00edticas y recomend\u00f3 que vean la pel\u00edcula, porque les podr\u00e1 gustar&nbsp;<\/p>\n\n\n\n<p>La pel\u00edcula The Batman&#8221; conquista la taquilla de Estados Unidos, y en el primer fin de semana del estreno se recaudaron m\u00e1s de 128 millones de d\u00f3lares.<\/p>\n","protected":false},"excerpt":{"rendered":"<p>Pedro Sola se durmi\u00f3, no le gust\u00f3 la pel\u00edcula &#8220;The Batman&#8221;; tuvo cr\u00edticas a favor y en contra.&nbsp; Siempre pol\u00e9mico, Sola, uno de los conductores del programa televisivo Ventaneando fue sincero en sus redes sociales.&nbsp; Aprovech\u00f3 la oportunidad para expresar su opini\u00f3n sobre la pel\u00edcula protagonizada por Robert Pattinson y Zo\u00eb Kravitz. En Twitter dijo [&hellip;]<\/p>\n","protected":false},"author":1,"featured_media":72355,"comment_status":"open","ping_status":"open","sticky":true,"template":"","format":"standard","meta":{"footnotes":""},"categories":[9,5],"tags":[],"_links":{"self":[{"href":"https:\/\/diariodigitalmx.com\/index.php\/wp-json\/wp\/v2\/posts\/72353"}],"collection":[{"href":"https:\/\/diariodigitalmx.com\/index.php\/wp-json\/wp\/v2\/posts"}],"about":[{"href":"https:\/\/diariodigitalmx.com\/index.php\/wp-json\/wp\/v2\/types\/post"}],"author":[{"embeddable":true,"href":"https:\/\/diariodigitalmx.com\/index.php\/wp-json\/wp\/v2\/users\/1"}],"replies":[{"embeddable":true,"href":"https:\/\/diariodigitalmx.com\/index.php\/wp-json\/wp\/v2\/comments?post=72353"}],"version-history":[{"count":3,"href":"https:\/\/diariodigitalmx.com\/index.php\/wp-json\/wp\/v2\/posts\/72353\/revisions"}],"predecessor-version":[{"id":72359,"href":"https:\/\/diariodigitalmx.com\/index.php\/wp-json\/wp\/v2\/posts\/72353\/revisions\/72359"}],"wp:featuredmedia":[{"embeddable":true,"href":"https:\/\/diariodigitalmx.com\/index.php\/wp-json\/wp\/v2\/media\/72355"}],"wp:attachment":[{"href":"https:\/\/diariodigitalmx.com\/index.php\/wp-json\/wp\/v2\/media?parent=72353"}],"wp:term":[{"taxonomy":"category","embeddable":true,"href":"https:\/\/diariodigitalmx.com\/index.php\/wp-json\/wp\/v2\/categories?post=72353"},{"taxonomy":"post_tag","embeddable":true,"href":"https:\/\/diariodigitalmx.com\/index.php\/wp-json\/wp\/v2\/tags?post=72353"}],"curies":[{"name":"wp","href":"https:\/\/api.w.org\/{rel}","templated":true}]}}