{"id":72363,"date":"2022-03-07T14:32:03","date_gmt":"2022-03-07T20:32:03","guid":{"rendered":"http:\/\/diariodigitalmx.com\/?p=72363"},"modified":"2022-03-07T14:33:18","modified_gmt":"2022-03-07T20:33:18","slug":"propone-waldo-fernandez-regular-uso-de-imagen-institucional-del-gobierno-estatal-y-de-municipios","status":"publish","type":"post","link":"https:\/\/diariodigitalmx.com\/index.php\/2022\/03\/07\/propone-waldo-fernandez-regular-uso-de-imagen-institucional-del-gobierno-estatal-y-de-municipios\/","title":{"rendered":"Propone Waldo Fern\u00e1ndez regular uso de imagen institucional del Gobierno estatal y de municipios"},"content":{"rendered":"\n<p>Monterrey- Ante los cambios administrativos del Gobierno del Estado y de los 51 municipios, cada 6 y 3 a\u00f1os respectivamente el Diputado Local, Waldo Fern\u00e1ndez present\u00f3 una iniciativa que busca regular las modificaciones a la imagen institucional de los gobiernos municipales y estatales.&nbsp;<\/p>\n\n\n\n<p>Adem\u00e1s permitir\u00e1 tener ahorros importantes en esa materia, para poder destinar recursos a los temas de relevancia. Con esta reforma se busca que la imagen permanezca en el tiempo, m\u00e1s all\u00e1 de cambios pol\u00edticos y administrativos.<\/p>\n\n\n\n<p>\u201cEl gasto de recursos p\u00fablicos debe hacerse con eficiencia y responsabilidad, no s\u00f3lo porque se trata de nuestros impuestos sino porque hay un sinf\u00edn de problemas que deben de resolverse con un presupuesto limitado\u201d, mencion\u00f3.&nbsp;<\/p>\n\n\n\n<p>\u201cEl dinero que se ejerce para cambiar la imagen de oficinas de gobierno, cada vez que inicia un nuevo mandato, es dinero que obedece a intereses particulares y de promoci\u00f3n partidista. Es decir, cada tres o seis a\u00f1os, nuestro dinero se utiliza para cambiar la identidad del estado a gusto de un partido pol\u00edtico o gobernante; se pintan calles, camiones, uniformes, veh\u00edculos oficiales, redes sociales y edificios con su logo o colores\u201d, dijo.&nbsp;<\/p>\n\n\n\n<p>La iniciativa propone:<\/p>\n\n\n\n<p>1. Que la imagen institucional utilizada por los sujetos obligados deber\u00e1 reflejar la pluralidad ideol\u00f3gica, pol\u00edtica, econ\u00f3mica, social, hist\u00f3rica y cultural de Nuevo Le\u00f3n.<\/p>\n\n\n\n<p>2. Que la imagen institucional de los sujetos obligados ser\u00e1 inamovible y permanente.<\/p>\n\n\n\n<p>3 Que todos los programas o acciones de gobierno se identificar\u00e1n \u00fanicamente con la imagen institucional, en ning\u00fan caso podr\u00e1 promocionarse imagen personal, colores, lemas y cualquier otro elemento.<\/p>\n\n\n\n<p>4. El Poder Ejecutivo del Estado, su Administraci\u00f3n P\u00fablica y los municipios deber\u00e1n garantizar y fomentar en el \u00e1mbito de sus competencias el uso adecuado de la imagen institucional.<\/p>\n\n\n\n<p>5. Los manuales de imagen institucional son expedidos por los sujetos obligados y deber\u00e1n contener los lineamientos, normas, especificaciones t\u00e9cnicas y metodol\u00f3gicas.<\/p>\n","protected":false},"excerpt":{"rendered":"<p>Monterrey- Ante los cambios administrativos del Gobierno del Estado y de los 51 municipios, cada 6 y 3 a\u00f1os respectivamente el Diputado Local, Waldo Fern\u00e1ndez present\u00f3 una iniciativa que busca regular las modificaciones a la imagen institucional de los gobiernos municipales y estatales.&nbsp; Adem\u00e1s permitir\u00e1 tener ahorros importantes en esa materia, para poder destinar recursos [&hellip;]<\/p>\n","protected":false},"author":1,"featured_media":72365,"comment_status":"open","ping_status":"open","sticky":true,"template":"","format":"standard","meta":{"footnotes":""},"categories":[6,3],"tags":[],"_links":{"self":[{"href":"https:\/\/diariodigitalmx.com\/index.php\/wp-json\/wp\/v2\/posts\/72363"}],"collection":[{"href":"https:\/\/diariodigitalmx.com\/index.php\/wp-json\/wp\/v2\/posts"}],"about":[{"href":"https:\/\/diariodigitalmx.com\/index.php\/wp-json\/wp\/v2\/types\/post"}],"author":[{"embeddable":true,"href":"https:\/\/diariodigitalmx.com\/index.php\/wp-json\/wp\/v2\/users\/1"}],"replies":[{"embeddable":true,"href":"https:\/\/diariodigitalmx.com\/index.php\/wp-json\/wp\/v2\/comments?post=72363"}],"version-history":[{"count":1,"href":"https:\/\/diariodigitalmx.com\/index.php\/wp-json\/wp\/v2\/posts\/72363\/revisions"}],"predecessor-version":[{"id":72364,"href":"https:\/\/diariodigitalmx.com\/index.php\/wp-json\/wp\/v2\/posts\/72363\/revisions\/72364"}],"wp:featuredmedia":[{"embeddable":true,"href":"https:\/\/diariodigitalmx.com\/index.php\/wp-json\/wp\/v2\/media\/72365"}],"wp:attachment":[{"href":"https:\/\/diariodigitalmx.com\/index.php\/wp-json\/wp\/v2\/media?parent=72363"}],"wp:term":[{"taxonomy":"category","embeddable":true,"href":"https:\/\/diariodigitalmx.com\/index.php\/wp-json\/wp\/v2\/categories?post=72363"},{"taxonomy":"post_tag","embeddable":true,"href":"https:\/\/diariodigitalmx.com\/index.php\/wp-json\/wp\/v2\/tags?post=72363"}],"curies":[{"name":"wp","href":"https:\/\/api.w.org\/{rel}","templated":true}]}}