{"id":72366,"date":"2022-03-07T17:20:16","date_gmt":"2022-03-07T23:20:16","guid":{"rendered":"http:\/\/diariodigitalmx.com\/?p=72366"},"modified":"2022-03-07T17:21:32","modified_gmt":"2022-03-07T23:21:32","slug":"reafirma-el-pri-su-compromiso-con-adultos-mayores","status":"publish","type":"post","link":"https:\/\/diariodigitalmx.com\/index.php\/2022\/03\/07\/reafirma-el-pri-su-compromiso-con-adultos-mayores\/","title":{"rendered":"Reafirma el PRI su compromiso con adultos mayores"},"content":{"rendered":"\n<p>Monterrey &#8211; La defensa constitucional de los jubilados y pensionados es un tema de gran trascendencia, tiene que ver con la situaci\u00f3n en que se desarrollan las personas que se encuentran en esta condici\u00f3n tras un largo per\u00edodo de trabajo o por alguna circunstancia derivada de su vida laboral.<\/p>\n\n\n\n<p>As\u00ed lo asegur\u00f3 el presidente del PRI en Nuevo Le\u00f3n, Jos\u00e9 Luis Garza Ochoa, al encabezar la pl\u00e1tica con el tema \u201cDefensa Constitucional de los Jubilados y Pensionados\u201d, dictada por la secretaria de Atenci\u00f3n a los Adultos Mayores del Comit\u00e9 Ejecutivo Nacional, Lucia Ram\u00edrez Ort\u00edz.<\/p>\n\n\n\n<p>El dirigente priista precis\u00f3 que seg\u00fan datos oficiales, hasta antes de la pandemia, Nuevo Le\u00f3n ten\u00eda un porcentaje del 12.69 por ciento de pensionados y jubilados del IMSS, lo que supera por un gran margen a la medida nacional que era apenas de 7.5 por ciento.&nbsp;<\/p>\n\n\n\n<p>Afirm\u00f3 que todos tenemos un gran compromiso con nuestros adultos mayores y que en el caso de Nuevo Le\u00f3n , \u201cnos heredaron un mundo donde pod\u00edamos vivir seguros y en el que si trabajabas de manera honrada pod\u00edas salir adelante con tu familia, mientras que hoy, a veces trabajando hasta 10 horas al d\u00eda no te alcanza para vivir y tenemos un gran problema con la inseguridad\u201d, agreg\u00f3.<\/p>\n\n\n\n<figure class=\"wp-block-image size-large\"><img loading=\"lazy\" decoding=\"async\" width=\"1024\" height=\"768\" src=\"http:\/\/diariodigitalmx.com\/wp-content\/uploads\/2022\/03\/Adultos-1024x768.jpg\" alt=\"\" class=\"wp-image-72369\" srcset=\"https:\/\/diariodigitalmx.com\/wp-content\/uploads\/2022\/03\/Adultos-1024x768.jpg 1024w, https:\/\/diariodigitalmx.com\/wp-content\/uploads\/2022\/03\/Adultos-300x225.jpg 300w, https:\/\/diariodigitalmx.com\/wp-content\/uploads\/2022\/03\/Adultos-768x576.jpg 768w, https:\/\/diariodigitalmx.com\/wp-content\/uploads\/2022\/03\/Adultos.jpg 1280w\" sizes=\"(max-width: 1024px) 100vw, 1024px\" \/><\/figure>\n\n\n\n<p>Mencion\u00f3 que \u201choy los adultos j\u00f3venes tenemos un verdadero compromiso con nuestros adultos mayores, tenemos mucho por hacer y adem\u00e1s pensando de manera ego\u00edsta, si hoy a nuestros adultos mayores les damos todas las facilidades, en el ma\u00f1ana tambi\u00e9n nosotros tendremos esos beneficios\u201d.<\/p>\n\n\n\n<p>Ante representantes y militantes de diversas organizaciones de pensionados y jubilados, Garza Ochoa dijo que es bien sabido que son los estados del norte de la Rep\u00fablica donde existen los mayores porcentajes de pensionados y jubilados en relaci\u00f3n con la poblaci\u00f3n econ\u00f3micamente activa a nivel nacional.<\/p>\n\n\n\n<p>Reconoci\u00f3 que la pol\u00edtica en materia de pensiones y jubilaciones todav\u00eda tiene rezagos importantes que es necesario corregir, sin embargo, siempre que se alude al tema.<\/p>\n\n\n\n<figure class=\"wp-block-image size-large\"><img loading=\"lazy\" decoding=\"async\" width=\"1024\" height=\"682\" src=\"http:\/\/diariodigitalmx.com\/wp-content\/uploads\/2022\/03\/adultos-3-1024x682.jpg\" alt=\"\" class=\"wp-image-72371\" srcset=\"https:\/\/diariodigitalmx.com\/wp-content\/uploads\/2022\/03\/adultos-3-1024x682.jpg 1024w, https:\/\/diariodigitalmx.com\/wp-content\/uploads\/2022\/03\/adultos-3-300x200.jpg 300w, https:\/\/diariodigitalmx.com\/wp-content\/uploads\/2022\/03\/adultos-3-768x512.jpg 768w, https:\/\/diariodigitalmx.com\/wp-content\/uploads\/2022\/03\/adultos-3.jpg 1280w\" sizes=\"(max-width: 1024px) 100vw, 1024px\" \/><\/figure>\n\n\n\n<p>patrones y gobiernos&nbsp; se quejan de la falta de recursos en el presente y futuro inmediato pero poco dicen sobre los rezagos, las omisiones y los incumplimientos hacia un sector ciertamente vulnerable.<\/p>\n\n\n\n<p>\u201cPersonalmente creo que ya es tiempo de honrar a los jubilados y pensionados&nbsp; pero no solo en los discursos sino con el cumplimientos de sus derechos y prerrogativas y por ello es muy importante y oportuno la pl\u00e1tica\u201d, afirm\u00f3.&nbsp;<\/p>\n\n\n\n<p>Destac\u00f3 que en la actual dirigencia nacional del PRI,&nbsp; encabezada por Alejandro Moreno C\u00e1rdenas, el partido atiende todos los aspectos en los que se compromete en sus documentos b\u00e1sicos y plataformas electorales, lo que se acredita con la interesante pl\u00e1tica que a nivel nacional realiza la secretaria de atenci\u00f3n a los adultos mayores.<\/p>\n\n\n\n<p>\u201cReitero la importancia de analizar este asunto y de antemano expreso mi deseo de que esta reuni\u00f3n tenga resultados positivos y pueda reflejarse en una mayor y mejor defensa de los pensionados y jubilados conforme lo dicta la constituci\u00f3n\u201d, coment\u00f3.&nbsp;<\/p>\n\n\n\n<p>Concluy\u00f3 al recordar que el PRI es el pueblo hecho partido \u201cy por eso estamos decididos a darlo todo para defender el futuro de nuestro pa\u00eds, los priistas constru\u00edmos M\u00e9xico y lo volveremos a hacer\u201d.<br><\/p>\n","protected":false},"excerpt":{"rendered":"<p>Monterrey &#8211; La defensa constitucional de los jubilados y pensionados es un tema de gran trascendencia, tiene que ver con la situaci\u00f3n en que se desarrollan las personas que se encuentran en esta condici\u00f3n tras un largo per\u00edodo de trabajo o por alguna circunstancia derivada de su vida laboral. As\u00ed lo asegur\u00f3 el presidente del [&hellip;]<\/p>\n","protected":false},"author":1,"featured_media":72368,"comment_status":"open","ping_status":"open","sticky":true,"template":"","format":"standard","meta":{"footnotes":""},"categories":[14,6],"tags":[],"_links":{"self":[{"href":"https:\/\/diariodigitalmx.com\/index.php\/wp-json\/wp\/v2\/posts\/72366"}],"collection":[{"href":"https:\/\/diariodigitalmx.com\/index.php\/wp-json\/wp\/v2\/posts"}],"about":[{"href":"https:\/\/diariodigitalmx.com\/index.php\/wp-json\/wp\/v2\/types\/post"}],"author":[{"embeddable":true,"href":"https:\/\/diariodigitalmx.com\/index.php\/wp-json\/wp\/v2\/users\/1"}],"replies":[{"embeddable":true,"href":"https:\/\/diariodigitalmx.com\/index.php\/wp-json\/wp\/v2\/comments?post=72366"}],"version-history":[{"count":3,"href":"https:\/\/diariodigitalmx.com\/index.php\/wp-json\/wp\/v2\/posts\/72366\/revisions"}],"predecessor-version":[{"id":72372,"href":"https:\/\/diariodigitalmx.com\/index.php\/wp-json\/wp\/v2\/posts\/72366\/revisions\/72372"}],"wp:featuredmedia":[{"embeddable":true,"href":"https:\/\/diariodigitalmx.com\/index.php\/wp-json\/wp\/v2\/media\/72368"}],"wp:attachment":[{"href":"https:\/\/diariodigitalmx.com\/index.php\/wp-json\/wp\/v2\/media?parent=72366"}],"wp:term":[{"taxonomy":"category","embeddable":true,"href":"https:\/\/diariodigitalmx.com\/index.php\/wp-json\/wp\/v2\/categories?post=72366"},{"taxonomy":"post_tag","embeddable":true,"href":"https:\/\/diariodigitalmx.com\/index.php\/wp-json\/wp\/v2\/tags?post=72366"}],"curies":[{"name":"wp","href":"https:\/\/api.w.org\/{rel}","templated":true}]}}