{"id":72399,"date":"2022-03-07T23:04:34","date_gmt":"2022-03-08T05:04:34","guid":{"rendered":"http:\/\/diariodigitalmx.com\/?p=72399"},"modified":"2022-03-07T23:06:07","modified_gmt":"2022-03-08T05:06:07","slug":"tendra-monterrey-muestra-gastronomica","status":"publish","type":"post","link":"https:\/\/diariodigitalmx.com\/index.php\/2022\/03\/07\/tendra-monterrey-muestra-gastronomica\/","title":{"rendered":"Tendr\u00e1 Monterrey, Muestra  Gastron\u00f3mica"},"content":{"rendered":"\n<p>Por primera vez, dentro de las festividades del D\u00eda del Patrimonio Nuevo Le\u00f3n, se llevar\u00e1 a cabo una Muestra Gastron\u00f3mica Norestense en donde participar\u00e1n 26 municipios, los cuales mostrar\u00e1n desde los platillos m\u00e1s populares hasta los m\u00e1s t\u00edpicos de sus regiones.<\/p>\n\n\n\n<p>En su novena edici\u00f3n, el evento se realizar\u00e1 en la Plaza Hidalgo este fin de semana los d\u00edas 11, 12 y 13 de marzo, en coordinaci\u00f3n con la Iniciativa Privada, el sector Acad\u00e9mico, el Gobierno de Monterrey y la Sociedad Civil.<\/p>\n\n\n\n<p>Son seis chefs los embajadores y anfitriones que ser\u00e1n los encargados de la organizaci\u00f3n de la muestra, as\u00ed como de recibir y apoyar a todos los cocineros visitantes: ellos son Manuel Orozco, del Restaurante Or\u00e9gano, de Higueras y Luisa Gonz\u00e1lez, chef instructora en el Instituto Regiomontano de Hoteler\u00eda.<\/p>\n\n\n\n<p>Adem\u00e1s, est\u00e1n Jorge Guadiana, propietario de La Romer\u00eda; Humberto Villarreal, propietario de Mata de Chile; Hugo Guajardo, chef de El Jonuco en Apodaca, y finalmente Carlos Alberto Garc\u00eda, chef patr\u00f3n del Hotel Krystal.<\/p>\n\n\n\n<p>Humberto Villarreal mencion\u00f3 que la mayor intenci\u00f3n es darle difusi\u00f3n a la muestra y apoyar a los cocineros que vienen de fuera para que el p\u00fablico que acuda al evento se lleve la mejor experiencia posible.<\/p>\n\n\n\n<p>\u00a0\u201cCada municipio aportar\u00e1 sus platillos m\u00e1s populares que tambi\u00e9n se pueden ver en la ciudad como cabrito, machitos y carnes asadas porque es lo t\u00edpico, pero adem\u00e1s hay otras cosas que mostrar como los cuajitos, de Cadereyta o el pollito al R\u00edo Ramos, de Allende, que son una serie de platillos ic\u00f3nicos de cada lugar\u201d, coment\u00f3.<\/p>\n\n\n\n<figure class=\"wp-block-image size-large\"><img loading=\"lazy\" decoding=\"async\" width=\"1024\" height=\"682\" src=\"http:\/\/diariodigitalmx.com\/wp-content\/uploads\/2022\/03\/7.jpeg\" alt=\"\" class=\"wp-image-72403\" srcset=\"https:\/\/diariodigitalmx.com\/wp-content\/uploads\/2022\/03\/7.jpeg 1024w, https:\/\/diariodigitalmx.com\/wp-content\/uploads\/2022\/03\/7-300x200.jpeg 300w, https:\/\/diariodigitalmx.com\/wp-content\/uploads\/2022\/03\/7-768x512.jpeg 768w\" sizes=\"(max-width: 1024px) 100vw, 1024px\" \/><\/figure>\n\n\n\n<p>Hugo Guajardo agreg\u00f3 que es importante y necesario que la gente de Nuevo Le\u00f3n conozca un poco m\u00e1s de la gastronom\u00eda que el estado tiene que ofrecer.<\/p>\n\n\n\n<p>\u201cEs el parteaguas de este a\u00f1o y los que vienen, y la intenci\u00f3n es que poco a poco nos unamos cada vez m\u00e1s gente, como ahora que hay cocineros de aqu\u00ed y adem\u00e1s los que\u00a0van a venir de los otros municipios\u201d.<\/p>\n\n\n\n<p>\u201cNuevo Le\u00f3n es un destino gastron\u00f3mico que podemos llevar a ser una potencia tanto a nivel local como nacional e internacional\u201d, enfatiz\u00f3.<\/p>\n\n\n\n<p>Para asistir a la muestra gastron\u00f3mica es necesario adquirir un boleto en la p\u00e1gina de ticketopolis.com o en las taquillas instaladas en el Museo Metropolitanto en d\u00eda del evento.<\/p>\n","protected":false},"excerpt":{"rendered":"<p>Por primera vez, dentro de las festividades del D\u00eda del Patrimonio Nuevo Le\u00f3n, se llevar\u00e1 a cabo una Muestra Gastron\u00f3mica Norestense en donde participar\u00e1n 26 municipios, los cuales mostrar\u00e1n desde los platillos m\u00e1s populares hasta los m\u00e1s t\u00edpicos de sus regiones. En su novena edici\u00f3n, el evento se realizar\u00e1 en la Plaza Hidalgo este fin [&hellip;]<\/p>\n","protected":false},"author":1,"featured_media":72401,"comment_status":"open","ping_status":"open","sticky":true,"template":"","format":"standard","meta":{"footnotes":""},"categories":[14,6],"tags":[],"_links":{"self":[{"href":"https:\/\/diariodigitalmx.com\/index.php\/wp-json\/wp\/v2\/posts\/72399"}],"collection":[{"href":"https:\/\/diariodigitalmx.com\/index.php\/wp-json\/wp\/v2\/posts"}],"about":[{"href":"https:\/\/diariodigitalmx.com\/index.php\/wp-json\/wp\/v2\/types\/post"}],"author":[{"embeddable":true,"href":"https:\/\/diariodigitalmx.com\/index.php\/wp-json\/wp\/v2\/users\/1"}],"replies":[{"embeddable":true,"href":"https:\/\/diariodigitalmx.com\/index.php\/wp-json\/wp\/v2\/comments?post=72399"}],"version-history":[{"count":3,"href":"https:\/\/diariodigitalmx.com\/index.php\/wp-json\/wp\/v2\/posts\/72399\/revisions"}],"predecessor-version":[{"id":72404,"href":"https:\/\/diariodigitalmx.com\/index.php\/wp-json\/wp\/v2\/posts\/72399\/revisions\/72404"}],"wp:featuredmedia":[{"embeddable":true,"href":"https:\/\/diariodigitalmx.com\/index.php\/wp-json\/wp\/v2\/media\/72401"}],"wp:attachment":[{"href":"https:\/\/diariodigitalmx.com\/index.php\/wp-json\/wp\/v2\/media?parent=72399"}],"wp:term":[{"taxonomy":"category","embeddable":true,"href":"https:\/\/diariodigitalmx.com\/index.php\/wp-json\/wp\/v2\/categories?post=72399"},{"taxonomy":"post_tag","embeddable":true,"href":"https:\/\/diariodigitalmx.com\/index.php\/wp-json\/wp\/v2\/tags?post=72399"}],"curies":[{"name":"wp","href":"https:\/\/api.w.org\/{rel}","templated":true}]}}