{"id":72412,"date":"2022-03-08T07:29:15","date_gmt":"2022-03-08T13:29:15","guid":{"rendered":"http:\/\/diariodigitalmx.com\/?p=72412"},"modified":"2022-03-08T07:29:45","modified_gmt":"2022-03-08T13:29:45","slug":"mujer","status":"publish","type":"post","link":"https:\/\/diariodigitalmx.com\/index.php\/2022\/03\/08\/mujer\/","title":{"rendered":"Mujer"},"content":{"rendered":"\n<p>Luz Mar\u00eda Ortiz Quintos&nbsp;<\/p>\n\n\n\n<p>En la celebraci\u00f3n del d\u00eda internacional de la Mujer, vemos diferentes agrupaciones de mujeres. Todos estos grupos, sin excepci\u00f3n son valiosos e importantes, nuestras diferencias en las creencias pol\u00edticas, sociales o religiosas nos hacen dividirnos en muchas ocasiones, pero c\u00f3mo mujer afirmo que lo que le duele a una, nos duele a todas.&nbsp;<\/p>\n\n\n\n<p>Queremos una sociedad que aprenda a reconocer que somos tan capaces, talentosas, inteligentes, que sabemos trabajar en equipo, ser l\u00edderes sociales, pol\u00edticas o religiosas, administrar un hogar al igual que una empresa. Sabemos disfrutar ser madres, esposas, profesionistas, empleadas, empresarias, artistas etc\u2026<\/p>\n\n\n\n<p>Que las oportunidades para ocupar puestos pol\u00edticos, sociales, culturales, art\u00edsticos, deportivos, de ciencia, de empresa a\u00fan no son de equidad para nosotros, que a pesar de tener participaci\u00f3n en algunos sectores a\u00fan falta mucho por reconocer, apoyar y valorar la labor de la mujer.<\/p>\n\n\n\n<p>Hoy como mujer, hija, hermana, esposa y madre estoy segura que el cambio cultural se da en la educaci\u00f3n.&nbsp;<\/p>\n\n\n\n<p>Que somos nosotras quienes podemos lograr esa transformaci\u00f3n social, si empezamos en nuestros c\u00edrculos de convivencia.&nbsp;<\/p>\n\n\n\n<p>Que podemos combinar tantas actividades, porque existe en nosotras esa pasi\u00f3n por la conservaci\u00f3n de la vida, la estabilidad, la seguridad y protecci\u00f3n que damos a nuestros seres queridos. Y que trasciende a nuestros c\u00edrculos de convivencia.<\/p>\n\n\n\n<p>Que cada mujer es \u00fanica, e irrepetible, con cualidades y defectos, con sue\u00f1os y miedos, con alegr\u00edas y tristezas.&nbsp;<\/p>\n\n\n\n<p>Hoy celebro el ser mujer, y por ello no paro en tender mi mano a quien me pide ayuda.<\/p>\n\n\n\n<p>\u00a1Feliz d\u00eda hoy y siempre a todas las mujeres!<\/p>\n","protected":false},"excerpt":{"rendered":"<p>Luz Mar\u00eda Ortiz Quintos&nbsp; En la celebraci\u00f3n del d\u00eda internacional de la Mujer, vemos diferentes agrupaciones de mujeres. Todos estos grupos, sin excepci\u00f3n son valiosos e importantes, nuestras diferencias en las creencias pol\u00edticas, sociales o religiosas nos hacen dividirnos en muchas ocasiones, pero c\u00f3mo mujer afirmo que lo que le duele a una, nos duele [&hellip;]<\/p>\n","protected":false},"author":1,"featured_media":72264,"comment_status":"open","ping_status":"open","sticky":true,"template":"","format":"standard","meta":{"footnotes":""},"categories":[14,12],"tags":[],"_links":{"self":[{"href":"https:\/\/diariodigitalmx.com\/index.php\/wp-json\/wp\/v2\/posts\/72412"}],"collection":[{"href":"https:\/\/diariodigitalmx.com\/index.php\/wp-json\/wp\/v2\/posts"}],"about":[{"href":"https:\/\/diariodigitalmx.com\/index.php\/wp-json\/wp\/v2\/types\/post"}],"author":[{"embeddable":true,"href":"https:\/\/diariodigitalmx.com\/index.php\/wp-json\/wp\/v2\/users\/1"}],"replies":[{"embeddable":true,"href":"https:\/\/diariodigitalmx.com\/index.php\/wp-json\/wp\/v2\/comments?post=72412"}],"version-history":[{"count":1,"href":"https:\/\/diariodigitalmx.com\/index.php\/wp-json\/wp\/v2\/posts\/72412\/revisions"}],"predecessor-version":[{"id":72413,"href":"https:\/\/diariodigitalmx.com\/index.php\/wp-json\/wp\/v2\/posts\/72412\/revisions\/72413"}],"wp:featuredmedia":[{"embeddable":true,"href":"https:\/\/diariodigitalmx.com\/index.php\/wp-json\/wp\/v2\/media\/72264"}],"wp:attachment":[{"href":"https:\/\/diariodigitalmx.com\/index.php\/wp-json\/wp\/v2\/media?parent=72412"}],"wp:term":[{"taxonomy":"category","embeddable":true,"href":"https:\/\/diariodigitalmx.com\/index.php\/wp-json\/wp\/v2\/categories?post=72412"},{"taxonomy":"post_tag","embeddable":true,"href":"https:\/\/diariodigitalmx.com\/index.php\/wp-json\/wp\/v2\/tags?post=72412"}],"curies":[{"name":"wp","href":"https:\/\/api.w.org\/{rel}","templated":true}]}}