{"id":72448,"date":"2022-03-08T18:29:18","date_gmt":"2022-03-09T00:29:18","guid":{"rendered":"http:\/\/diariodigitalmx.com\/?p=72448"},"modified":"2022-03-08T18:31:24","modified_gmt":"2022-03-09T00:31:24","slug":"entre-sismos-derrumbes-e-incendios-mujeres-brigadistas-viven-al-dia","status":"publish","type":"post","link":"https:\/\/diariodigitalmx.com\/index.php\/2022\/03\/08\/entre-sismos-derrumbes-e-incendios-mujeres-brigadistas-viven-al-dia\/","title":{"rendered":"Entre sismos, derrumbes e incendios, mujeres brigadistas viven al d\u00eda"},"content":{"rendered":"\n<p><\/p>\n\n\n\n<p>*Madres de familia, con vocaci\u00f3n de servicio y sentido humanitario atienden a la comunidad xochimilca<\/p>\n\n\n\n<p>Marcos H. Valerio<\/p>\n\n\n\n<p>CDMX &#8211; Desde hace doce a\u00f1os, Irma Sandoval Mu\u00f1oz, pertenece a las brigadas de la Direcci\u00f3n de Gesti\u00f3n Integral de Riesgos y Protecci\u00f3n Civil Xochimilco. A lo largo de esta trayectoria, recuerda el apoyo que brind\u00f3 tras los sismos de 2017 y la reciente pandemia por COVID-19.&nbsp;<\/p>\n\n\n\n<p>Asegura que portar el uniforme, m\u00e1s que respeto, es sin\u00f3nimo de ayuda, pues la gente se siente protegida. \u201cA\u00fan en plena contingencia, ya sea un incendio, inundaci\u00f3n o derrumbe, al vernos llegar sienten una bocanada de alivio, lo que sin duda es un gran compromiso\u201d, asegura la brigadista.<\/p>\n\n\n\n<figure class=\"wp-block-image size-large\"><img loading=\"lazy\" decoding=\"async\" width=\"1024\" height=\"768\" src=\"http:\/\/diariodigitalmx.com\/wp-content\/uploads\/2022\/03\/IMG-20220308-WA0024-1024x768.jpg\" alt=\"\" class=\"wp-image-72451\" srcset=\"https:\/\/diariodigitalmx.com\/wp-content\/uploads\/2022\/03\/IMG-20220308-WA0024-1024x768.jpg 1024w, https:\/\/diariodigitalmx.com\/wp-content\/uploads\/2022\/03\/IMG-20220308-WA0024-300x225.jpg 300w, https:\/\/diariodigitalmx.com\/wp-content\/uploads\/2022\/03\/IMG-20220308-WA0024-768x576.jpg 768w, https:\/\/diariodigitalmx.com\/wp-content\/uploads\/2022\/03\/IMG-20220308-WA0024.jpg 1280w\" sizes=\"(max-width: 1024px) 100vw, 1024px\" \/><\/figure>\n\n\n\n<p>Con gran vocaci\u00f3n de servicio y pasi\u00f3n por su trabajo,&nbsp; afirma que para ella es importante inculcar en otras personas, valores como el respeto y la solidaridad; en particular en sus cinco hijos y trece nietos ha sembrado esta filosof\u00eda de vida.<\/p>\n\n\n\n<p>Por su parte, la tambi\u00e9n brigadista Maritza Molina Anaya, cuenta que sus dos hijos la presumen a trav\u00e9s de redes sociales. \u201cMe etiquetan como la madre guerrera que enfrenta de manera valiente los problemas y situaciones\u201d.<\/p>\n\n\n\n<figure class=\"wp-block-image size-large\"><img loading=\"lazy\" decoding=\"async\" width=\"889\" height=\"1024\" src=\"http:\/\/diariodigitalmx.com\/wp-content\/uploads\/2022\/03\/IMG-20220308-WA0023-889x1024.jpg\" alt=\"\" class=\"wp-image-72453\" srcset=\"https:\/\/diariodigitalmx.com\/wp-content\/uploads\/2022\/03\/IMG-20220308-WA0023-889x1024.jpg 889w, https:\/\/diariodigitalmx.com\/wp-content\/uploads\/2022\/03\/IMG-20220308-WA0023-260x300.jpg 260w, https:\/\/diariodigitalmx.com\/wp-content\/uploads\/2022\/03\/IMG-20220308-WA0023-768x885.jpg 768w, https:\/\/diariodigitalmx.com\/wp-content\/uploads\/2022\/03\/IMG-20220308-WA0023.jpg 1111w\" sizes=\"(max-width: 889px) 100vw, 889px\" \/><\/figure>\n\n\n\n<p>Desde hace nueve a\u00f1os se uni\u00f3 a las filas de Protecci\u00f3n Civil. Con tristeza recuerda los acontecimientos de los sismos de 2017. \u201cMe toc\u00f3 apoyar en el pueblo de San Gregorio Atlapulco en donde se respiraba el miedo y el desconsuelo\u201d.<\/p>\n\n\n\n<figure class=\"wp-block-image size-large\"><img loading=\"lazy\" decoding=\"async\" width=\"1024\" height=\"434\" src=\"http:\/\/diariodigitalmx.com\/wp-content\/uploads\/2022\/03\/IMG-20220308-WA0026-1024x434.jpg\" alt=\"\" class=\"wp-image-72455\" srcset=\"https:\/\/diariodigitalmx.com\/wp-content\/uploads\/2022\/03\/IMG-20220308-WA0026-1024x434.jpg 1024w, https:\/\/diariodigitalmx.com\/wp-content\/uploads\/2022\/03\/IMG-20220308-WA0026-300x127.jpg 300w, https:\/\/diariodigitalmx.com\/wp-content\/uploads\/2022\/03\/IMG-20220308-WA0026-768x325.jpg 768w, https:\/\/diariodigitalmx.com\/wp-content\/uploads\/2022\/03\/IMG-20220308-WA0026.jpg 1280w\" sizes=\"(max-width: 1024px) 100vw, 1024px\" \/><\/figure>\n\n\n\n<p>Ambas brigadistas coinciden en que se dedican a una profesi\u00f3n en la que miran de cara a cara al peligro, por lo que para ellas es fundamental capacitarse constantemente y as\u00ed prevenir y salvaguardar su integridad y la de la ciudadan\u00eda.<\/p>\n","protected":false},"excerpt":{"rendered":"<p>*Madres de familia, con vocaci\u00f3n de servicio y sentido humanitario atienden a la comunidad xochimilca Marcos H. Valerio CDMX &#8211; Desde hace doce a\u00f1os, Irma Sandoval Mu\u00f1oz, pertenece a las brigadas de la Direcci\u00f3n de Gesti\u00f3n Integral de Riesgos y Protecci\u00f3n Civil Xochimilco. A lo largo de esta trayectoria, recuerda el apoyo que brind\u00f3 tras [&hellip;]<\/p>\n","protected":false},"author":1,"featured_media":72450,"comment_status":"open","ping_status":"open","sticky":true,"template":"","format":"standard","meta":{"footnotes":""},"categories":[2,3],"tags":[],"_links":{"self":[{"href":"https:\/\/diariodigitalmx.com\/index.php\/wp-json\/wp\/v2\/posts\/72448"}],"collection":[{"href":"https:\/\/diariodigitalmx.com\/index.php\/wp-json\/wp\/v2\/posts"}],"about":[{"href":"https:\/\/diariodigitalmx.com\/index.php\/wp-json\/wp\/v2\/types\/post"}],"author":[{"embeddable":true,"href":"https:\/\/diariodigitalmx.com\/index.php\/wp-json\/wp\/v2\/users\/1"}],"replies":[{"embeddable":true,"href":"https:\/\/diariodigitalmx.com\/index.php\/wp-json\/wp\/v2\/comments?post=72448"}],"version-history":[{"count":4,"href":"https:\/\/diariodigitalmx.com\/index.php\/wp-json\/wp\/v2\/posts\/72448\/revisions"}],"predecessor-version":[{"id":72456,"href":"https:\/\/diariodigitalmx.com\/index.php\/wp-json\/wp\/v2\/posts\/72448\/revisions\/72456"}],"wp:featuredmedia":[{"embeddable":true,"href":"https:\/\/diariodigitalmx.com\/index.php\/wp-json\/wp\/v2\/media\/72450"}],"wp:attachment":[{"href":"https:\/\/diariodigitalmx.com\/index.php\/wp-json\/wp\/v2\/media?parent=72448"}],"wp:term":[{"taxonomy":"category","embeddable":true,"href":"https:\/\/diariodigitalmx.com\/index.php\/wp-json\/wp\/v2\/categories?post=72448"},{"taxonomy":"post_tag","embeddable":true,"href":"https:\/\/diariodigitalmx.com\/index.php\/wp-json\/wp\/v2\/tags?post=72448"}],"curies":[{"name":"wp","href":"https:\/\/api.w.org\/{rel}","templated":true}]}}