{"id":72457,"date":"2022-03-08T18:45:12","date_gmt":"2022-03-09T00:45:12","guid":{"rendered":"http:\/\/diariodigitalmx.com\/?p=72457"},"modified":"2022-03-08T18:46:05","modified_gmt":"2022-03-09T00:46:05","slug":"con-pala-escoba-y-carretilla-nataly-contribuye-a-crear-mas-espacios-verdes-en-la-ciudad","status":"publish","type":"post","link":"https:\/\/diariodigitalmx.com\/index.php\/2022\/03\/08\/con-pala-escoba-y-carretilla-nataly-contribuye-a-crear-mas-espacios-verdes-en-la-ciudad\/","title":{"rendered":"Con pala, escoba y carretilla Nataly contribuye a crear m\u00e1s espacios verdes en la ciudad"},"content":{"rendered":"\n<p>CDMX &#8211; \u201cUno como mujer siempre nos subestiman al decir que ese trabajo es para hombres, claro que no, es lo mismo. Yo le dir\u00eda a las mujeres que no hay imposibles, no hay (cabida) para eso de ese trabajo es solo para hombres o ese trabajo yo no lo puedo hacer. No,&nbsp; todos somos iguales y las mujeres valemos y podemos hacer cualquier trabajo que nos pongan\u201d, expresa segura de s\u00ed misma Nataly Cecilia Beltr\u00e1n Galindo.<\/p>\n\n\n\n<p>Ella, al igual que otras mujeres trabajadoras, opera como auxiliar en la Secretar\u00eda del Medio Ambiente (Sedema) de la Ciudad de M\u00e9xico en la preparaci\u00f3n, mantenimiento y cuidado de sitios de plantaci\u00f3n con el \u00fanico prop\u00f3sito de reverdecer la ciudad, esta vez con la creaci\u00f3n de una barda viva en la alcald\u00eda Magdalena Contreras.<\/p>\n\n\n\n<figure class=\"wp-block-image size-large\"><img loading=\"lazy\" decoding=\"async\" width=\"1024\" height=\"798\" src=\"http:\/\/diariodigitalmx.com\/wp-content\/uploads\/2022\/03\/IMG-20220308-WA0027-1024x798.jpg\" alt=\"\" class=\"wp-image-72461\" srcset=\"https:\/\/diariodigitalmx.com\/wp-content\/uploads\/2022\/03\/IMG-20220308-WA0027-1024x798.jpg 1024w, https:\/\/diariodigitalmx.com\/wp-content\/uploads\/2022\/03\/IMG-20220308-WA0027-300x234.jpg 300w, https:\/\/diariodigitalmx.com\/wp-content\/uploads\/2022\/03\/IMG-20220308-WA0027-768x598.jpg 768w, https:\/\/diariodigitalmx.com\/wp-content\/uploads\/2022\/03\/IMG-20220308-WA0027.jpg 1280w\" sizes=\"(max-width: 1024px) 100vw, 1024px\" \/><\/figure>\n\n\n\n<p>Hoy, con motivo del D\u00eda Internacional de la Mujer, Nataly Cecilia muestra con orgullo sus herramientas diarias de trabajo: pala,escoba, ara\u00f1a y carretillas. Reconoce que su labor no ha sido sencilla, tambi\u00e9n le toca cargar costales de composta.<\/p>\n\n\n\n<p>\u201cNunca me imagin\u00e9 estar en la Secretar\u00eda del Medio Ambiente porque yo siempre dec\u00eda: yo no voy a andar ah\u00ed toda sucia limpiando tierra y ahora me gusta mi trabajo, me gusta lo que hago, me gusta pasar y decirle a mis hijas: ese \u00e1rbol o esa planta yo la plant\u00e9, contribuyo al medio ambiente, eso me gusta, estoy satisfecha con mi trabajo\u201d,&nbsp;<\/p>\n\n\n\n<p>Asegura que su trabajo le permite contribuir a crear m\u00e1s espacios verdes en la ciudad y dar el ejemplo de que es posible mantener una vegetaci\u00f3n sana para el medio ambiente y para nuestro bienestar.<\/p>\n\n\n\n<p>\u201c(Las mujeres) estamos contribuyendo a que haya m\u00e1s \u00e1reas con m\u00e1s vegetaci\u00f3n, a ense\u00f1arle a la gente que aprenda a cuidarlas porque cuando hacemos alguna plantaci\u00f3n y luego regresamos nos da mucha tristeza ver que la gente no cuida todo eso, a veces cuando pasa la gente nos dicen qu\u00e9 somos huevones pero no saben todo el trabajo que conlleva hacer una barda viva, una \u00e1rea verde y que no la valoren\u201d, afirma.<\/p>\n\n\n\n<p>Por eso aprovecha esta conmemoraci\u00f3n para pedirle a mujeres, hombres, ni\u00f1os y ni\u00f1as que cuando tengan un \u00e1rea cerca o lejos la cuiden y la conserven para que est\u00e9 bien y no la agarren como basurero.<\/p>\n\n\n\n<p>Nataly predica con el ejemplo y comparte que a sus hijas de 17 y 12 a\u00f1os de edad cada d\u00eda les ense\u00f1a a valorar todos los espacios de&nbsp; \u00e1reas verdes \u201cporque representan el futuro para ellas\u201d.<\/p>\n","protected":false},"excerpt":{"rendered":"<p>CDMX &#8211; \u201cUno como mujer siempre nos subestiman al decir que ese trabajo es para hombres, claro que no, es lo mismo. Yo le dir\u00eda a las mujeres que no hay imposibles, no hay (cabida) para eso de ese trabajo es solo para hombres o ese trabajo yo no lo puedo hacer. No,&nbsp; todos somos [&hellip;]<\/p>\n","protected":false},"author":1,"featured_media":72459,"comment_status":"open","ping_status":"open","sticky":true,"template":"","format":"standard","meta":{"footnotes":""},"categories":[14,2],"tags":[],"_links":{"self":[{"href":"https:\/\/diariodigitalmx.com\/index.php\/wp-json\/wp\/v2\/posts\/72457"}],"collection":[{"href":"https:\/\/diariodigitalmx.com\/index.php\/wp-json\/wp\/v2\/posts"}],"about":[{"href":"https:\/\/diariodigitalmx.com\/index.php\/wp-json\/wp\/v2\/types\/post"}],"author":[{"embeddable":true,"href":"https:\/\/diariodigitalmx.com\/index.php\/wp-json\/wp\/v2\/users\/1"}],"replies":[{"embeddable":true,"href":"https:\/\/diariodigitalmx.com\/index.php\/wp-json\/wp\/v2\/comments?post=72457"}],"version-history":[{"count":3,"href":"https:\/\/diariodigitalmx.com\/index.php\/wp-json\/wp\/v2\/posts\/72457\/revisions"}],"predecessor-version":[{"id":72462,"href":"https:\/\/diariodigitalmx.com\/index.php\/wp-json\/wp\/v2\/posts\/72457\/revisions\/72462"}],"wp:featuredmedia":[{"embeddable":true,"href":"https:\/\/diariodigitalmx.com\/index.php\/wp-json\/wp\/v2\/media\/72459"}],"wp:attachment":[{"href":"https:\/\/diariodigitalmx.com\/index.php\/wp-json\/wp\/v2\/media?parent=72457"}],"wp:term":[{"taxonomy":"category","embeddable":true,"href":"https:\/\/diariodigitalmx.com\/index.php\/wp-json\/wp\/v2\/categories?post=72457"},{"taxonomy":"post_tag","embeddable":true,"href":"https:\/\/diariodigitalmx.com\/index.php\/wp-json\/wp\/v2\/tags?post=72457"}],"curies":[{"name":"wp","href":"https:\/\/api.w.org\/{rel}","templated":true}]}}