{"id":72467,"date":"2022-03-08T19:35:36","date_gmt":"2022-03-09T01:35:36","guid":{"rendered":"http:\/\/diariodigitalmx.com\/?p=72467"},"modified":"2022-03-08T19:36:31","modified_gmt":"2022-03-09T01:36:31","slug":"preparan-festival-de-verano-mxlan-en-mcallen","status":"publish","type":"post","link":"https:\/\/diariodigitalmx.com\/index.php\/2022\/03\/08\/preparan-festival-de-verano-mxlan-en-mcallen\/","title":{"rendered":"Preparan festival de verano MXLAN en McAllen"},"content":{"rendered":"\n<p>Por Rogelio Romero<\/p>\n\n\n\n<p>McAllen, Tx- La segunda edici\u00f3n del festival de&nbsp; verano MXLAN se llevar\u00e1 a cabo en esta ciudad del 27 al 31 de julio, y se espera la asistencia de m\u00e1s de 125 mil visitantes.<\/p>\n\n\n\n<p>De acuerdo al vicepresidente de la C\u00e1mara de Comercio&nbsp; de McAllen Luis Cant\u00fa el festival de m\u00fasica, cultura, arte y gastronom\u00eda tuvo en su primera edici\u00f3n realizada en 2019, una asistencia de unas 80 mil personas y gener\u00f3 ganancias comerciales por 7.5 millones de d\u00f3lares.<\/p>\n\n\n\n<p>Cant\u00fa explic\u00f3 que ser\u00e1 en el mes de abril cuando se anuncie el elenco de grupos musicales que participar\u00e1n durante los 5 d\u00edas de fiesta adem\u00e1s de los espacios donde se presentaran, y que, pueden&nbsp; ser al aire libre en el \u00e1rea del Centro de Convenciones de la ciudad o en las instalaciones del McAllen Performing Arts Center.<\/p>\n\n\n\n<p>Uno de los atractivos culturales que tendr\u00e1 el evento ser\u00e1 la participaci\u00f3n de los muralistas internacionales mexicanos Paola Delf\u00edn&nbsp; e Irving Cano que estar\u00e1n mostrando su creatividad durante el festival, ya que pintaran un mural cada&nbsp; uno de ellos.<\/p>\n\n\n\n<p>Paola Delfin es una artista&nbsp; originaria de la Ciudad de M\u00e9xico mientras que Irving Cano proviene de Oaxaca, y es la segunda ocasi\u00f3n que colabora con su arte&nbsp; en el evento.<\/p>\n\n\n\n<p>Actualmente est\u00e1 abierta una convocatoria para artistas locales que deseen participar en la elaboraci\u00f3n de murales, y que los realicen en diferentes espacios de la ciudad&nbsp; durante el desarrollo del festival.<\/p>\n\n\n\n<p>La idea de MXLAN es mostrar la importancia de nuestras ra\u00edces como culturas, ya que, es una celebraci\u00f3n binacional importante se\u00f1al\u00f3 el entrevistado.<\/p>\n\n\n\n<p>Tambi\u00e9n se espera la participaci\u00f3n de residentes mexicanos que provienen de regiones como Nuevo Le\u00f3n, Tamaulipas, Coahuila, San&nbsp; Luis Potos\u00ed y Oaxaca.<\/p>\n","protected":false},"excerpt":{"rendered":"<p>Por Rogelio Romero McAllen, Tx- La segunda edici\u00f3n del festival de&nbsp; verano MXLAN se llevar\u00e1 a cabo en esta ciudad del 27 al 31 de julio, y se espera la asistencia de m\u00e1s de 125 mil visitantes. De acuerdo al vicepresidente de la C\u00e1mara de Comercio&nbsp; de McAllen Luis Cant\u00fa el festival de m\u00fasica, cultura, [&hellip;]<\/p>\n","protected":false},"author":1,"featured_media":72469,"comment_status":"open","ping_status":"open","sticky":true,"template":"","format":"standard","meta":{"footnotes":""},"categories":[4,5],"tags":[],"_links":{"self":[{"href":"https:\/\/diariodigitalmx.com\/index.php\/wp-json\/wp\/v2\/posts\/72467"}],"collection":[{"href":"https:\/\/diariodigitalmx.com\/index.php\/wp-json\/wp\/v2\/posts"}],"about":[{"href":"https:\/\/diariodigitalmx.com\/index.php\/wp-json\/wp\/v2\/types\/post"}],"author":[{"embeddable":true,"href":"https:\/\/diariodigitalmx.com\/index.php\/wp-json\/wp\/v2\/users\/1"}],"replies":[{"embeddable":true,"href":"https:\/\/diariodigitalmx.com\/index.php\/wp-json\/wp\/v2\/comments?post=72467"}],"version-history":[{"count":1,"href":"https:\/\/diariodigitalmx.com\/index.php\/wp-json\/wp\/v2\/posts\/72467\/revisions"}],"predecessor-version":[{"id":72468,"href":"https:\/\/diariodigitalmx.com\/index.php\/wp-json\/wp\/v2\/posts\/72467\/revisions\/72468"}],"wp:featuredmedia":[{"embeddable":true,"href":"https:\/\/diariodigitalmx.com\/index.php\/wp-json\/wp\/v2\/media\/72469"}],"wp:attachment":[{"href":"https:\/\/diariodigitalmx.com\/index.php\/wp-json\/wp\/v2\/media?parent=72467"}],"wp:term":[{"taxonomy":"category","embeddable":true,"href":"https:\/\/diariodigitalmx.com\/index.php\/wp-json\/wp\/v2\/categories?post=72467"},{"taxonomy":"post_tag","embeddable":true,"href":"https:\/\/diariodigitalmx.com\/index.php\/wp-json\/wp\/v2\/tags?post=72467"}],"curies":[{"name":"wp","href":"https:\/\/api.w.org\/{rel}","templated":true}]}}