{"id":72470,"date":"2022-03-08T21:03:18","date_gmt":"2022-03-09T03:03:18","guid":{"rendered":"http:\/\/diariodigitalmx.com\/?p=72470"},"modified":"2022-03-08T21:04:29","modified_gmt":"2022-03-09T03:04:29","slug":"en-monterrey-las-mujeres-tomaron-las-calles-y-la-gran-plaza","status":"publish","type":"post","link":"https:\/\/diariodigitalmx.com\/index.php\/2022\/03\/08\/en-monterrey-las-mujeres-tomaron-las-calles-y-la-gran-plaza\/","title":{"rendered":"En Monterrey las mujeres tomaron las calles y la Gran Plaza"},"content":{"rendered":"\n<p>Monterrey &#8211; Las mujeres salieron a las calles de Monterrey&nbsp; al grito de &#8220;ni sumisa ni callada, mujer fuerte y empoderada&#8221;.&nbsp;<\/p>\n\n\n\n<p>Desde las 19:00 horas estuvieron en la Explanada de la Gran Plaza como colof\u00f3n de su marcha los diversos contingentes que portaban mantas donde exig\u00edan respeto a sus derechos, a su persona. &#8220;Volvimos a las calles&#8221;, gritaron. Luego concluyeron a las 20:45 horas.<\/p>\n\n\n\n<figure class=\"wp-block-image size-large\"><img loading=\"lazy\" decoding=\"async\" width=\"1024\" height=\"577\" src=\"http:\/\/diariodigitalmx.com\/wp-content\/uploads\/2022\/03\/IMG-20220308-WA0035-1024x577.jpg\" alt=\"\" class=\"wp-image-72473\" srcset=\"https:\/\/diariodigitalmx.com\/wp-content\/uploads\/2022\/03\/IMG-20220308-WA0035-1024x577.jpg 1024w, https:\/\/diariodigitalmx.com\/wp-content\/uploads\/2022\/03\/IMG-20220308-WA0035-300x169.jpg 300w, https:\/\/diariodigitalmx.com\/wp-content\/uploads\/2022\/03\/IMG-20220308-WA0035-768x432.jpg 768w, https:\/\/diariodigitalmx.com\/wp-content\/uploads\/2022\/03\/IMG-20220308-WA0035-1536x865.jpg 1536w, https:\/\/diariodigitalmx.com\/wp-content\/uploads\/2022\/03\/IMG-20220308-WA0035.jpg 1600w\" sizes=\"(max-width: 1024px) 100vw, 1024px\" \/><\/figure>\n\n\n\n<p>Las mujeres se organizaron en espacios para los diversos grupos que al frente llevan una batucada.&nbsp;<\/p>\n\n\n\n<p>Algunas pancartas rezaban &#8220;Marcho porque estoy viva y no s\u00e9 hasta cu\u00e1ndo&#8221;, &#8220;nos quitaron tanto que acabaron quit\u00e1ndonos el miedo&#8221;, &#8220;yo pido justicia no venganza&#8221;, &#8220;ni sumisa ni callada, mujer fuerte y empoderada&#8221;.&nbsp;<\/p>\n\n\n\n<p>Adem\u00e1s realizaron algunas pintas en&nbsp; negocios y paredes a su paso por las calles del centro de la Ciudad: &#8220;M\u00e9xico Feminicida\u201d, \u201cViva la Vulva\u201d, \u201csus nombres viven\u201d, \u201cEstado Feminicida\u201d, \u201cVivas las queremos\u201d, \u201cAborto legal\u201d y \u201c#8M\u201d.&nbsp;<\/p>\n","protected":false},"excerpt":{"rendered":"<p>Monterrey &#8211; Las mujeres salieron a las calles de Monterrey&nbsp; al grito de &#8220;ni sumisa ni callada, mujer fuerte y empoderada&#8221;.&nbsp; Desde las 19:00 horas estuvieron en la Explanada de la Gran Plaza como colof\u00f3n de su marcha los diversos contingentes que portaban mantas donde exig\u00edan respeto a sus derechos, a su persona. &#8220;Volvimos a [&hellip;]<\/p>\n","protected":false},"author":1,"featured_media":72472,"comment_status":"open","ping_status":"open","sticky":true,"template":"","format":"standard","meta":{"footnotes":""},"categories":[6,5],"tags":[],"_links":{"self":[{"href":"https:\/\/diariodigitalmx.com\/index.php\/wp-json\/wp\/v2\/posts\/72470"}],"collection":[{"href":"https:\/\/diariodigitalmx.com\/index.php\/wp-json\/wp\/v2\/posts"}],"about":[{"href":"https:\/\/diariodigitalmx.com\/index.php\/wp-json\/wp\/v2\/types\/post"}],"author":[{"embeddable":true,"href":"https:\/\/diariodigitalmx.com\/index.php\/wp-json\/wp\/v2\/users\/1"}],"replies":[{"embeddable":true,"href":"https:\/\/diariodigitalmx.com\/index.php\/wp-json\/wp\/v2\/comments?post=72470"}],"version-history":[{"count":2,"href":"https:\/\/diariodigitalmx.com\/index.php\/wp-json\/wp\/v2\/posts\/72470\/revisions"}],"predecessor-version":[{"id":72474,"href":"https:\/\/diariodigitalmx.com\/index.php\/wp-json\/wp\/v2\/posts\/72470\/revisions\/72474"}],"wp:featuredmedia":[{"embeddable":true,"href":"https:\/\/diariodigitalmx.com\/index.php\/wp-json\/wp\/v2\/media\/72472"}],"wp:attachment":[{"href":"https:\/\/diariodigitalmx.com\/index.php\/wp-json\/wp\/v2\/media?parent=72470"}],"wp:term":[{"taxonomy":"category","embeddable":true,"href":"https:\/\/diariodigitalmx.com\/index.php\/wp-json\/wp\/v2\/categories?post=72470"},{"taxonomy":"post_tag","embeddable":true,"href":"https:\/\/diariodigitalmx.com\/index.php\/wp-json\/wp\/v2\/tags?post=72470"}],"curies":[{"name":"wp","href":"https:\/\/api.w.org\/{rel}","templated":true}]}}