{"id":72482,"date":"2022-03-08T22:16:03","date_gmt":"2022-03-09T04:16:03","guid":{"rendered":"http:\/\/diariodigitalmx.com\/?p=72482"},"modified":"2022-03-08T22:19:04","modified_gmt":"2022-03-09T04:19:04","slug":"vandalizan-palacio-de-gobierno-de-nl","status":"publish","type":"post","link":"https:\/\/diariodigitalmx.com\/index.php\/2022\/03\/08\/vandalizan-palacio-de-gobierno-de-nl\/","title":{"rendered":"Vandalizan Palacio de Gobierno de NL"},"content":{"rendered":"\n<figure class=\"wp-block-video\"><video controls src=\"http:\/\/diariodigitalmx.com\/wp-content\/uploads\/2022\/03\/VID-20220308-WA0043.mp4\"><\/video><\/figure>\n\n\n\n<p>Monterrey &#8211; Al concluir la marcha de las mujeres en el D\u00eda Internacional de la Mujer, otro grupo de mujeres irrumpieron con pintas y actos vand\u00e1licos que incluy\u00f3 fuego en el Palacio de Gobierno donde incendiaron una puerta y quebraron vitrales.&nbsp;<\/p>\n\n\n\n<p>Cuando termin\u00f3 el evento ya entrada la noche un grupo de manifestantes lleg\u00f3 para pintar puertas y paredes del palacio de Gobierno, as\u00ed como los monumentos en la Gran Plaza.<\/p>\n\n\n\n<figure class=\"wp-block-image size-large\"><img loading=\"lazy\" decoding=\"async\" width=\"1024\" height=\"596\" src=\"http:\/\/diariodigitalmx.com\/wp-content\/uploads\/2022\/03\/Screenshot_20220308_221319_com.google.android.apps_.photos2-1024x596.jpg\" alt=\"\" class=\"wp-image-72487\" srcset=\"https:\/\/diariodigitalmx.com\/wp-content\/uploads\/2022\/03\/Screenshot_20220308_221319_com.google.android.apps_.photos2-1024x596.jpg 1024w, https:\/\/diariodigitalmx.com\/wp-content\/uploads\/2022\/03\/Screenshot_20220308_221319_com.google.android.apps_.photos2-300x175.jpg 300w, https:\/\/diariodigitalmx.com\/wp-content\/uploads\/2022\/03\/Screenshot_20220308_221319_com.google.android.apps_.photos2-768x447.jpg 768w, https:\/\/diariodigitalmx.com\/wp-content\/uploads\/2022\/03\/Screenshot_20220308_221319_com.google.android.apps_.photos2.jpg 1069w\" sizes=\"(max-width: 1024px) 100vw, 1024px\" \/><\/figure>\n\n\n\n<p>Todo se registr\u00f3 luego que se dio&nbsp; por concluida la marcha, y un grupo de mujeres encapuchadas y sin identificar, comenzaron a realizar&nbsp; pintas y a prender fuego, que luego fue sofocado por cuerpos de auxilio.&nbsp;<\/p>\n","protected":false},"excerpt":{"rendered":"<p>Monterrey &#8211; Al concluir la marcha de las mujeres en el D\u00eda Internacional de la Mujer, otro grupo de mujeres irrumpieron con pintas y actos vand\u00e1licos que incluy\u00f3 fuego en el Palacio de Gobierno donde incendiaron una puerta y quebraron vitrales.&nbsp; Cuando termin\u00f3 el evento ya entrada la noche un grupo de manifestantes lleg\u00f3 para [&hellip;]<\/p>\n","protected":false},"author":1,"featured_media":72484,"comment_status":"open","ping_status":"open","sticky":false,"template":"","format":"standard","meta":{"footnotes":""},"categories":[6,3],"tags":[],"_links":{"self":[{"href":"https:\/\/diariodigitalmx.com\/index.php\/wp-json\/wp\/v2\/posts\/72482"}],"collection":[{"href":"https:\/\/diariodigitalmx.com\/index.php\/wp-json\/wp\/v2\/posts"}],"about":[{"href":"https:\/\/diariodigitalmx.com\/index.php\/wp-json\/wp\/v2\/types\/post"}],"author":[{"embeddable":true,"href":"https:\/\/diariodigitalmx.com\/index.php\/wp-json\/wp\/v2\/users\/1"}],"replies":[{"embeddable":true,"href":"https:\/\/diariodigitalmx.com\/index.php\/wp-json\/wp\/v2\/comments?post=72482"}],"version-history":[{"count":3,"href":"https:\/\/diariodigitalmx.com\/index.php\/wp-json\/wp\/v2\/posts\/72482\/revisions"}],"predecessor-version":[{"id":72488,"href":"https:\/\/diariodigitalmx.com\/index.php\/wp-json\/wp\/v2\/posts\/72482\/revisions\/72488"}],"wp:featuredmedia":[{"embeddable":true,"href":"https:\/\/diariodigitalmx.com\/index.php\/wp-json\/wp\/v2\/media\/72484"}],"wp:attachment":[{"href":"https:\/\/diariodigitalmx.com\/index.php\/wp-json\/wp\/v2\/media?parent=72482"}],"wp:term":[{"taxonomy":"category","embeddable":true,"href":"https:\/\/diariodigitalmx.com\/index.php\/wp-json\/wp\/v2\/categories?post=72482"},{"taxonomy":"post_tag","embeddable":true,"href":"https:\/\/diariodigitalmx.com\/index.php\/wp-json\/wp\/v2\/tags?post=72482"}],"curies":[{"name":"wp","href":"https:\/\/api.w.org\/{rel}","templated":true}]}}