{"id":72532,"date":"2022-03-09T14:28:18","date_gmt":"2022-03-09T20:28:18","guid":{"rendered":"http:\/\/diariodigitalmx.com\/?p=72532"},"modified":"2022-03-09T14:31:39","modified_gmt":"2022-03-09T20:31:39","slug":"riesgo-calculado","status":"publish","type":"post","link":"https:\/\/diariodigitalmx.com\/index.php\/2022\/03\/09\/riesgo-calculado\/","title":{"rendered":"Riesgo calculado"},"content":{"rendered":"\n<p>Ra\u00fal  Guajardo Cant\u00fa <\/p>\n\n\n\n<p>Durante su campa\u00f1a rumbo a la gubernatura, el exgobernador Jaime Rodr\u00edguez Calder\u00f3n prometi\u00f3 que meter\u00eda a la c\u00e1rcel a cualquier integrante del gobierno de Rodrigo Medina que hubiera participado en actos de corrupci\u00f3n. Medina y su gente cargaban con una muy mala imagen p\u00fablica debido, principalmente, a sospechas de que hab\u00edan cometido actos de corrupci\u00f3n, por lo cual la promesa hizo mella en el electorado.<\/p>\n\n\n\n<p>Seis a\u00f1os despu\u00e9s, las sospechas recaen sobre Rodr\u00edguez Calder\u00f3n y su c\u00edrculo m\u00e1s cercano, de ese c\u00edrculo, Manuel Vital y Mar\u00eda de los \u00c1ngeles Erris\u00fariz se encuentran hoy bajo investigaci\u00f3n e inclusive el SAT estatal ha congelado sus cuentas.<\/p>\n\n\n\n<p>Se entiende la idea del gobernador Samuel Garc\u00eda de combatir la corrupci\u00f3n, de ir contra aquellos funcionarios que de alguna u otra forma hayan participado en actos que atenten contra el patrimonio del estado.<\/p>\n\n\n\n<p>Rodr\u00edguez Calder\u00f3n, El Bronco, con su operaci\u00f3n \u201cTornado\u201d, lo \u00fanico que consigui\u00f3 para la posteridad fue una foto del exgobernador Rodrigo Medina vistiendo el atuendo naranja de los presos, fuera de eso, la operaci\u00f3n result\u00f3 un fiasco, un golpe para el propio Jaime Rodr\u00edguez, ya que se entendi\u00f3 como una especie de acuerdo en lo oscurito.<\/p>\n\n\n\n<p>Por eso es que hoy esperamos que los expedientes contra quienes vayan a actuar las autoridades estatales se encuentren debidamente integrados, que se haya escogido la ruta legal adecuada y que el SAT local tenga las atribuciones para congelar las cuentas de quienes se sospecha participaron en casos de corrupci\u00f3n.<\/p>\n\n\n\n<p>Pero adem\u00e1s, debe interesarnos que todo se apegue al debido proceso, que se respete la presunci\u00f3n de inocencia ya que de otra forma, los hechos pudieran salirse de control y terminar en agua de borrajas, con lo que ello significar\u00eda para nuestro gobernador y para nosotros como gobernados.<\/p>\n","protected":false},"excerpt":{"rendered":"<p>Ra\u00fal Guajardo Cant\u00fa Durante su campa\u00f1a rumbo a la gubernatura, el exgobernador Jaime Rodr\u00edguez Calder\u00f3n prometi\u00f3 que meter\u00eda a la c\u00e1rcel a cualquier integrante del gobierno de Rodrigo Medina que hubiera participado en actos de corrupci\u00f3n. Medina y su gente cargaban con una muy mala imagen p\u00fablica debido, principalmente, a sospechas de que hab\u00edan cometido [&hellip;]<\/p>\n","protected":false},"author":1,"featured_media":72536,"comment_status":"open","ping_status":"open","sticky":true,"template":"","format":"standard","meta":{"footnotes":""},"categories":[14,12],"tags":[],"_links":{"self":[{"href":"https:\/\/diariodigitalmx.com\/index.php\/wp-json\/wp\/v2\/posts\/72532"}],"collection":[{"href":"https:\/\/diariodigitalmx.com\/index.php\/wp-json\/wp\/v2\/posts"}],"about":[{"href":"https:\/\/diariodigitalmx.com\/index.php\/wp-json\/wp\/v2\/types\/post"}],"author":[{"embeddable":true,"href":"https:\/\/diariodigitalmx.com\/index.php\/wp-json\/wp\/v2\/users\/1"}],"replies":[{"embeddable":true,"href":"https:\/\/diariodigitalmx.com\/index.php\/wp-json\/wp\/v2\/comments?post=72532"}],"version-history":[{"count":2,"href":"https:\/\/diariodigitalmx.com\/index.php\/wp-json\/wp\/v2\/posts\/72532\/revisions"}],"predecessor-version":[{"id":72534,"href":"https:\/\/diariodigitalmx.com\/index.php\/wp-json\/wp\/v2\/posts\/72532\/revisions\/72534"}],"wp:featuredmedia":[{"embeddable":true,"href":"https:\/\/diariodigitalmx.com\/index.php\/wp-json\/wp\/v2\/media\/72536"}],"wp:attachment":[{"href":"https:\/\/diariodigitalmx.com\/index.php\/wp-json\/wp\/v2\/media?parent=72532"}],"wp:term":[{"taxonomy":"category","embeddable":true,"href":"https:\/\/diariodigitalmx.com\/index.php\/wp-json\/wp\/v2\/categories?post=72532"},{"taxonomy":"post_tag","embeddable":true,"href":"https:\/\/diariodigitalmx.com\/index.php\/wp-json\/wp\/v2\/tags?post=72532"}],"curies":[{"name":"wp","href":"https:\/\/api.w.org\/{rel}","templated":true}]}}