{"id":72541,"date":"2022-03-09T17:41:40","date_gmt":"2022-03-09T23:41:40","guid":{"rendered":"http:\/\/diariodigitalmx.com\/?p=72541"},"modified":"2022-03-09T17:48:22","modified_gmt":"2022-03-09T23:48:22","slug":"protestan-taxistas-en-el-congreso-del-estado-exigen-reformas-a-la-ley-de-movilidad-y-revision-de-tarifas","status":"publish","type":"post","link":"https:\/\/diariodigitalmx.com\/index.php\/2022\/03\/09\/protestan-taxistas-en-el-congreso-del-estado-exigen-reformas-a-la-ley-de-movilidad-y-revision-de-tarifas\/","title":{"rendered":"Protestan taxistas en el Congreso del Estado; exigen reformas a la Ley de Movilidad y revisi\u00f3n de tarifas"},"content":{"rendered":"\n<p>&nbsp;Por: Francisco J. Pe\u00f1a Medina<\/p>\n\n\n\n<p>&nbsp;&nbsp;&nbsp;Al grito de \u201c\u00a1Justicia! \u00a1Justicia! \u00a1Justicia!\u201d, cientos de taxistas de diversas agrupaciones integrantes de la nueva Coalici\u00f3n de Organizaciones del Transporte del Estado de Nuevo Le\u00f3n se manifestaron frente al Congreso local donde exigieron una revisi\u00f3n en la tarifa de los veh\u00edculos de alquiler y reformas a la Ley de Movilidad que reduzcan el cobro exorbitante de las multas y se concrete el proyecto de \u201cTaxis de Barrio\u201d.<\/p>\n\n\n\n<p>&nbsp;&nbsp;&nbsp;Portando pancartas en las que externaban sus consignas como: \u201cEn Nuevo Le\u00f3n pagamos el refrendo mas caro de M\u00e9xico y las calles est\u00e1n para llorar\u201d, \u201c\u00a1Garajes y Talleres abusivos!\u201d, \u201cModificar la Ley del Movilidad por inconstitucional\u201d y \u201cDescuentos en las multas del Transporte\u201d, los inconformes se plantaron por casi dos horas en forma pacifica en la explanada del recinto legislativo.<\/p>\n\n\n\n<figure class=\"wp-block-image size-large\"><img loading=\"lazy\" decoding=\"async\" width=\"1024\" height=\"769\" src=\"http:\/\/diariodigitalmx.com\/wp-content\/uploads\/2022\/03\/IMG-20220309-WA0021-1024x769.jpg\" alt=\"\" class=\"wp-image-72544\" srcset=\"https:\/\/diariodigitalmx.com\/wp-content\/uploads\/2022\/03\/IMG-20220309-WA0021-1024x769.jpg 1024w, https:\/\/diariodigitalmx.com\/wp-content\/uploads\/2022\/03\/IMG-20220309-WA0021-300x225.jpg 300w, https:\/\/diariodigitalmx.com\/wp-content\/uploads\/2022\/03\/IMG-20220309-WA0021-768x576.jpg 768w, https:\/\/diariodigitalmx.com\/wp-content\/uploads\/2022\/03\/IMG-20220309-WA0021-1536x1153.jpg 1536w, https:\/\/diariodigitalmx.com\/wp-content\/uploads\/2022\/03\/IMG-20220309-WA0021.jpg 1600w\" sizes=\"(max-width: 1024px) 100vw, 1024px\" \/><\/figure>\n\n\n\n<p>&nbsp;Encabezados por Osvaldo Serna Serv\u00edn, l\u00edder de los sindicatos del autotransporte adheridos a la CROC de Nuevo Le\u00f3n, Miguel \u00c1ngel Cruz V\u00e1zquez, taxista independiente y el ex cetemista Fernando Flores Dom\u00ednguez de la Uni\u00f3n Taxis Unidos, los manifestantes fueron escuchados por la presidenta de la Comisi\u00f3n de Movilidad, diputada Lorena de la Garza Venecia y los legisladores Waldo Fern\u00e1ndez Gonz\u00e1lez de MORENA y Jes\u00fas G\u00f3mez Reyes del PAN.<\/p>\n\n\n\n<figure class=\"wp-block-image size-large\"><img loading=\"lazy\" decoding=\"async\" width=\"1024\" height=\"769\" src=\"http:\/\/diariodigitalmx.com\/wp-content\/uploads\/2022\/03\/IMG-20220309-WA0020-1024x769.jpg\" alt=\"\" class=\"wp-image-72548\" srcset=\"https:\/\/diariodigitalmx.com\/wp-content\/uploads\/2022\/03\/IMG-20220309-WA0020-1024x769.jpg 1024w, https:\/\/diariodigitalmx.com\/wp-content\/uploads\/2022\/03\/IMG-20220309-WA0020-300x225.jpg 300w, https:\/\/diariodigitalmx.com\/wp-content\/uploads\/2022\/03\/IMG-20220309-WA0020-768x576.jpg 768w, https:\/\/diariodigitalmx.com\/wp-content\/uploads\/2022\/03\/IMG-20220309-WA0020-1536x1153.jpg 1536w, https:\/\/diariodigitalmx.com\/wp-content\/uploads\/2022\/03\/IMG-20220309-WA0020.jpg 1600w\" sizes=\"(max-width: 1024px) 100vw, 1024px\" \/><\/figure>\n\n\n\n<p>&nbsp;&nbsp;&nbsp;En el acto se vio un nutrido contingente de la emblem\u00e1tica&nbsp; base de ecotaxis &#8220;Emiliano Zapata&#8221; dirigida por Fernando Castillo Moreno, hijo de Fernando Castillo Salas, un aguerrido l\u00edder quien fue cercano a Agust\u00edn Serna Serv\u00edn, pionero de los sindicatos del transporte croquista en Nuevo Le\u00f3n y M\u00e9xico.<\/p>\n\n\n\n<p>&nbsp;&nbsp;&nbsp;&nbsp;&nbsp;Entrevistado por la prensa, Osvaldo Serna Serv\u00edn propuso piso parejo para los taxis tradicionales en relaci\u00f3n con las empresas de plataformas cibern\u00e9ticas. Mencion\u00f3 que Uber y DIDI en los \u00faltimos d\u00edas han incrementado de manera deliberada los costos a los usuarios que utilizan su servicio, mientras que los taxistas, si suben su tarifa 5 pesos pueden ser multados con 48 mil pesos.<\/p>\n\n\n\n<figure class=\"wp-block-image size-large\"><img loading=\"lazy\" decoding=\"async\" width=\"720\" height=\"435\" src=\"http:\/\/diariodigitalmx.com\/wp-content\/uploads\/2022\/03\/IMG-20220309-WA0018.jpg\" alt=\"\" class=\"wp-image-72552\" srcset=\"https:\/\/diariodigitalmx.com\/wp-content\/uploads\/2022\/03\/IMG-20220309-WA0018.jpg 720w, https:\/\/diariodigitalmx.com\/wp-content\/uploads\/2022\/03\/IMG-20220309-WA0018-300x181.jpg 300w\" sizes=\"(max-width: 720px) 100vw, 720px\" \/><\/figure>\n\n\n\n<p>&nbsp;&nbsp;&nbsp;\u201cQue nos digan la verdad. Aqu\u00ed traemos modificaciones a las plataformas que tienen incrementos muy grandes, queremos piso parejo, queremos modificar la ley para que los taxis de barrio tambi\u00e9n ya funcionen\u201d, manifest\u00f3 Serna Serv\u00edn y detall\u00f3 que la est\u00e1 en 8.48 pesos y la nocturna en 10.36, por lo que buscan elevarla entre uno o tres pesos para mejorar su econom\u00eda.&nbsp;<\/p>\n\n\n\n<p>&nbsp;&nbsp;&nbsp;&nbsp;&nbsp;Por su parte, Miguel \u00c1ngel Cruz se\u00f1al\u00f3 que, por darle prioridad a los taxis de plataforma, el padr\u00f3n de concesiones est\u00e1 sobrepoblado en Nuevo Le\u00f3n y no permite que se liberen otras licencias para que los llamados \u201ccarros piratas&#8221; puedan regularizarse.<\/p>\n\n\n\n<p>&nbsp;&nbsp;&nbsp;&nbsp;&#8220;No han lanzado la convocatoria y muchos compa\u00f1eros quieren tener sus papeles en regla, pero no ha sido posible, queremos que nos escuchen&#8221;, precis\u00f3 Cruz V\u00e1zquez.<\/p>\n\n\n\n<p>&nbsp;&nbsp;En su oportunidad, Flores Dom\u00ednguez justifico un incremento en las tarifas de los ecotaxis al recordar que desde hace 11 a\u00f1os este medio de transporte ha sobrevivido con el precio del servicio rezagado.<\/p>\n\n\n\n<p>\u00a0\u00a0\u00a0\u00a0Los trabajadores del volante solicitaron, adem\u00e1s, a la diputada Lorena de la Garza emplazar al Instituto de Movilidad para que no realice los operativos de manera \u201carbitraria.<\/p>\n\n\n\n<figure class=\"wp-block-image size-large\"><img loading=\"lazy\" decoding=\"async\" width=\"955\" height=\"636\" src=\"http:\/\/diariodigitalmx.com\/wp-content\/uploads\/2022\/03\/whatsapp-image-2022-03-09-at-12.41.40-pm-focus-0-0-955-6362.jpg\" alt=\"\" class=\"wp-image-72554\" srcset=\"https:\/\/diariodigitalmx.com\/wp-content\/uploads\/2022\/03\/whatsapp-image-2022-03-09-at-12.41.40-pm-focus-0-0-955-6362.jpg 955w, https:\/\/diariodigitalmx.com\/wp-content\/uploads\/2022\/03\/whatsapp-image-2022-03-09-at-12.41.40-pm-focus-0-0-955-6362-300x200.jpg 300w, https:\/\/diariodigitalmx.com\/wp-content\/uploads\/2022\/03\/whatsapp-image-2022-03-09-at-12.41.40-pm-focus-0-0-955-6362-768x511.jpg 768w\" sizes=\"(max-width: 955px) 100vw, 955px\" \/><\/figure>\n\n\n\n<p>&nbsp;&nbsp;&nbsp;&nbsp;&nbsp;En respuesta a sus peticiones, la legisladora manifest\u00f3 que su postura seguir\u00e1 siendo de apertura y sensibilidad con los operadores del transporte y se comprometi\u00f3 a revisar las reformas que se tengan que hacer a la Ley de Movilidad del Estado.<\/p>\n\n\n\n<p>&nbsp;&nbsp;&nbsp;&nbsp;\u201cYo estoy de su lado, en el momento que se solicita a las autoridades de Movilidad sensibilidad, pero tambi\u00e9n estoy de acuerdo de que la Ley se tiene que obedecer y se tiene que aplicar. \u00bfHabr\u00e1 que hacer ajustes? Vamos a verlo, vamos a sentarnos, vamos a dialogar, vamos a trabajar en hacer este marco, estas leyes de acuerdo con la realidad y a las necesidades del Nuevo Le\u00f3n de hoy\u201d<\/p>\n\n\n\n<p>&nbsp;&nbsp;&nbsp;\u201cYo se que ustedes representan a familias que est\u00e1n buscando un ingreso legal, un ingreso digno para poder sustentar a su familia; entiendo la problem\u00e1tica que ustedes est\u00e1n viviendo, tenemos que hacer que la ley se cumpla, que se cumpla a cabalidad y si hay modificaciones que se tienen que hacer para que el servicio de taxi pueda prestar un buen servicio\u201d, expres\u00f3 de la Garza Venecia.<\/p>\n\n\n\n<p>&nbsp;&nbsp;&nbsp;&nbsp;&nbsp;Durante el acto de protesta, Ramiro Vargas Lugo, Secretario de Conflictos de la CROC de Nuevo Le\u00f3n, present\u00f3 en la Oficial\u00eda de Partes del Congreso, una denuncia de juicio pol\u00edtico en contra del presidente de la Junta de Conciliaci\u00f3n y Arbitraje Mario Alberto Mart\u00ednez Saucedo y otros funcionarios de la dependencia.<\/p>\n\n\n\n<p>&nbsp;&nbsp;&nbsp;&nbsp;&nbsp;Lo anterior por causa de la dilataci\u00f3n de procedimientos laborales que enfrenta la JLCyA con un rezago superior a los 80 mil expedientes, que mantienen-dijo- en estado de indefensi\u00f3n a la clase trabajadora de Nuevo Le\u00f3n.<\/p>\n\n\n\n<p>&nbsp;&nbsp;&nbsp;&nbsp;&nbsp;A la manifestaci\u00f3n de la Coalici\u00f3n de Organizaciones del Transporte del Estado de Nuevo Le\u00f3n encaminada a salvaguardar los intereses econ\u00f3micos de los trabajadores del volante y defender sus derechos, se uni\u00f3 en forma solidaria Gilberto V\u00e1zquez Muro dirigente de comerciantes en la v\u00eda publica y Secretario General de la Federaci\u00f3n Revolucionaria de Obreros y Campesinos de Monterrey.<\/p>\n","protected":false},"excerpt":{"rendered":"<p>&nbsp;Por: Francisco J. Pe\u00f1a Medina &nbsp;&nbsp;&nbsp;Al grito de \u201c\u00a1Justicia! \u00a1Justicia! \u00a1Justicia!\u201d, cientos de taxistas de diversas agrupaciones integrantes de la nueva Coalici\u00f3n de Organizaciones del Transporte del Estado de Nuevo Le\u00f3n se manifestaron frente al Congreso local donde exigieron una revisi\u00f3n en la tarifa de los veh\u00edculos de alquiler y reformas a la Ley de [&hellip;]<\/p>\n","protected":false},"author":1,"featured_media":72543,"comment_status":"open","ping_status":"open","sticky":true,"template":"","format":"standard","meta":{"footnotes":""},"categories":[6,3],"tags":[],"_links":{"self":[{"href":"https:\/\/diariodigitalmx.com\/index.php\/wp-json\/wp\/v2\/posts\/72541"}],"collection":[{"href":"https:\/\/diariodigitalmx.com\/index.php\/wp-json\/wp\/v2\/posts"}],"about":[{"href":"https:\/\/diariodigitalmx.com\/index.php\/wp-json\/wp\/v2\/types\/post"}],"author":[{"embeddable":true,"href":"https:\/\/diariodigitalmx.com\/index.php\/wp-json\/wp\/v2\/users\/1"}],"replies":[{"embeddable":true,"href":"https:\/\/diariodigitalmx.com\/index.php\/wp-json\/wp\/v2\/comments?post=72541"}],"version-history":[{"count":6,"href":"https:\/\/diariodigitalmx.com\/index.php\/wp-json\/wp\/v2\/posts\/72541\/revisions"}],"predecessor-version":[{"id":72555,"href":"https:\/\/diariodigitalmx.com\/index.php\/wp-json\/wp\/v2\/posts\/72541\/revisions\/72555"}],"wp:featuredmedia":[{"embeddable":true,"href":"https:\/\/diariodigitalmx.com\/index.php\/wp-json\/wp\/v2\/media\/72543"}],"wp:attachment":[{"href":"https:\/\/diariodigitalmx.com\/index.php\/wp-json\/wp\/v2\/media?parent=72541"}],"wp:term":[{"taxonomy":"category","embeddable":true,"href":"https:\/\/diariodigitalmx.com\/index.php\/wp-json\/wp\/v2\/categories?post=72541"},{"taxonomy":"post_tag","embeddable":true,"href":"https:\/\/diariodigitalmx.com\/index.php\/wp-json\/wp\/v2\/tags?post=72541"}],"curies":[{"name":"wp","href":"https:\/\/api.w.org\/{rel}","templated":true}]}}