{"id":72556,"date":"2022-03-09T18:20:54","date_gmt":"2022-03-10T00:20:54","guid":{"rendered":"http:\/\/diariodigitalmx.com\/?p=72556"},"modified":"2022-03-09T18:25:26","modified_gmt":"2022-03-10T00:25:26","slug":"presas-en-la-agonia-pero-hay-aumento-de-tarifas-diputados-piden-dar-marcha-atras","status":"publish","type":"post","link":"https:\/\/diariodigitalmx.com\/index.php\/2022\/03\/09\/presas-en-la-agonia-pero-hay-aumento-de-tarifas-diputados-piden-dar-marcha-atras\/","title":{"rendered":"Presas en la agon\u00eda, pero hay aumento de tarifas; diputados piden dar marcha atr\u00e1s"},"content":{"rendered":"\n<p>*Acusan madruguete del gobierno estatal <\/p>\n\n\n\n<p>Walter Elizondo <\/p>\n\n\n\n<p>Monterrey &#8211; De las tres presas que surten agua, dos se secar\u00e1n en 10 y 27 d\u00edas, pero la paraestatal Agua y Drenaje de Monterrey anunci\u00f3 un alza a la tarifa de hasta un 40 por ciento.&nbsp;<\/p>\n\n\n\n<p>Mientras tanto, diputados locales pidieron al gobernador Samuel Garc\u00eda que detenga &#8220;este madruguete&#8221; que afecta a unos 650 mil hogares con 2. 5 millones de personas.&nbsp;<\/p>\n\n\n\n<p>La Presa La Boca est\u00e1 a un nivel que alcanzar\u00eda para suministrar agua 10 d\u00edas m\u00e1s, y Cerro Prieto 27 d\u00edas, y Juan Ignacio Barrag\u00e1n director de la empresa revel\u00f3 que las fuentes alternas no alcanzar\u00e1n para cubrir el d\u00e9ficit previsto para cuando las presas dejen de aportar agua. &#8220;Vamos a pasar semanas bastante complicadas&#8221;, advirti\u00f3.<\/p>\n\n\n\n<figure class=\"wp-block-image size-large\"><img loading=\"lazy\" decoding=\"async\" width=\"1024\" height=\"461\" src=\"http:\/\/diariodigitalmx.com\/wp-content\/uploads\/2022\/02\/IMG-20220209-WA0009-1024x461.jpg\" alt=\"\" class=\"wp-image-71173\" srcset=\"https:\/\/diariodigitalmx.com\/wp-content\/uploads\/2022\/02\/IMG-20220209-WA0009-1024x461.jpg 1024w, https:\/\/diariodigitalmx.com\/wp-content\/uploads\/2022\/02\/IMG-20220209-WA0009-300x135.jpg 300w, https:\/\/diariodigitalmx.com\/wp-content\/uploads\/2022\/02\/IMG-20220209-WA0009-768x346.jpg 768w, https:\/\/diariodigitalmx.com\/wp-content\/uploads\/2022\/02\/IMG-20220209-WA0009-1536x692.jpg 1536w, https:\/\/diariodigitalmx.com\/wp-content\/uploads\/2022\/02\/IMG-20220209-WA0009.jpg 1600w\" sizes=\"(max-width: 1024px) 100vw, 1024px\" \/><\/figure>\n\n\n\n<p>Para el funcionario, la nueva pol\u00edtica tarifaria que implica un sobre cobro a los usuarios que consumen arriba de 10 metros c\u00fabicos de agua al mes no es un aumento, sino &#8220;una petici\u00f3n de ahorro&#8221;. &#8220;No estamos aumentando la tarifa, le estamos pidiendo a la poblaci\u00f3n que baje su consumo&#8221;.&nbsp;<\/p>\n\n\n\n<p>Los clientes dom\u00e9sticos que bajen su consumo al menos 10 por ciento respecto a su promedio de los \u00faltimos 12 meses, no tendr\u00e1n incremento en su facturaci\u00f3n.<\/p>\n\n\n\n<p>El cargo de hasta 40 por ciento a usuarios de hasta 99 metros c\u00fabicos de consumo al mes permitir\u00e1 que el gasto de agua baje unos 700 litros por segundo.<\/p>\n\n\n\n<p>Para los usuarios de muy alto consumo, superiores a 75 metros c\u00fabicos mensuales, se aplicar\u00e1n reductores de presi\u00f3n, para bajarla a 50 por ciento. Respecto a la cuota de saneamiento de un 7 por ciento adicional al consumo mensual, es necesario por el avanzado deterioro de la red de drenaje.<\/p>\n\n\n\n<p>Barrag\u00e1n justific\u00f3 que las medidas no s\u00f3lo son necesarias y urgentes, est\u00e1n en la ley expuso. Esta cuota generar\u00eda un cargo promedio de 1.21 pesos a los usuarios dom\u00e9sticos; de 9.90 a usuarios comerciales; y de 10.17 a industriales.<\/p>\n\n\n\n<p>Ante el alza a las tarifas del agua que acord\u00f3 \u201cen lo oscurito\u201d el Consejo Estatal de Agua y Drenaje, Diputados locales de Acci\u00f3n Nacional rechazaron este \u201cmadruguete\u201d que afecta la econom\u00eda de unos 2 millones 500 mil ciudadanos, por lo que exigieron al Gobierno de Nuevo Le\u00f3n dar marcha atr\u00e1s a este \u201ctarifazo\u201d.<\/p>\n\n\n\n<p>El legislador Daniel Gonz\u00e1lez Garza, acompa\u00f1ado de los Diputados del GLPAN, Myrna Grimaldo Iracheta, F\u00e9lix Rocha Esquivel y Roberto Far\u00edas Garc\u00eda, present\u00f3 una iniciativa de reforma a la fracci\u00f3n IV del \u00faltimo p\u00e1rrafo de Ley de Agua Potable y Saneamiento para el Estado de Nuevo Le\u00f3n, y una adici\u00f3n a la fracci\u00f3n VIII del art\u00edculo 19 de esta disposici\u00f3n, en la que se\u00f1ala que dicho incremento fue ilegal.&nbsp;<\/p>\n\n\n\n<p>La Diputada Myrna Grimaldo denunci\u00f3 que esos aumentos a las tarifas del agua que se presentaron \u201cen lo oscurito\u201d el pasado lunes en la noche en el Consejo Estatal, \u201cfue un madruguete, fue un tarifazo, porque viene a pegarle al bolsillo del ciudadano; primero la tarifa de saneamiento que se la sacaron de la manga, luego el incremento del 10 por ciento escalonado; se escucha tan rid\u00edculo decir que quieren tambi\u00e9n poner una tarifa voluntaria a los recibos de nosotros para cuidar el medio ambiente\u201d.<\/p>\n","protected":false},"excerpt":{"rendered":"<p>*Acusan madruguete del gobierno estatal Walter Elizondo Monterrey &#8211; De las tres presas que surten agua, dos se secar\u00e1n en 10 y 27 d\u00edas, pero la paraestatal Agua y Drenaje de Monterrey anunci\u00f3 un alza a la tarifa de hasta un 40 por ciento.&nbsp; Mientras tanto, diputados locales pidieron al gobernador Samuel Garc\u00eda que detenga [&hellip;]<\/p>\n","protected":false},"author":1,"featured_media":72286,"comment_status":"open","ping_status":"open","sticky":false,"template":"","format":"standard","meta":{"footnotes":""},"categories":[6,3],"tags":[],"_links":{"self":[{"href":"https:\/\/diariodigitalmx.com\/index.php\/wp-json\/wp\/v2\/posts\/72556"}],"collection":[{"href":"https:\/\/diariodigitalmx.com\/index.php\/wp-json\/wp\/v2\/posts"}],"about":[{"href":"https:\/\/diariodigitalmx.com\/index.php\/wp-json\/wp\/v2\/types\/post"}],"author":[{"embeddable":true,"href":"https:\/\/diariodigitalmx.com\/index.php\/wp-json\/wp\/v2\/users\/1"}],"replies":[{"embeddable":true,"href":"https:\/\/diariodigitalmx.com\/index.php\/wp-json\/wp\/v2\/comments?post=72556"}],"version-history":[{"count":2,"href":"https:\/\/diariodigitalmx.com\/index.php\/wp-json\/wp\/v2\/posts\/72556\/revisions"}],"predecessor-version":[{"id":72559,"href":"https:\/\/diariodigitalmx.com\/index.php\/wp-json\/wp\/v2\/posts\/72556\/revisions\/72559"}],"wp:featuredmedia":[{"embeddable":true,"href":"https:\/\/diariodigitalmx.com\/index.php\/wp-json\/wp\/v2\/media\/72286"}],"wp:attachment":[{"href":"https:\/\/diariodigitalmx.com\/index.php\/wp-json\/wp\/v2\/media?parent=72556"}],"wp:term":[{"taxonomy":"category","embeddable":true,"href":"https:\/\/diariodigitalmx.com\/index.php\/wp-json\/wp\/v2\/categories?post=72556"},{"taxonomy":"post_tag","embeddable":true,"href":"https:\/\/diariodigitalmx.com\/index.php\/wp-json\/wp\/v2\/tags?post=72556"}],"curies":[{"name":"wp","href":"https:\/\/api.w.org\/{rel}","templated":true}]}}