{"id":72560,"date":"2022-03-09T19:25:26","date_gmt":"2022-03-10T01:25:26","guid":{"rendered":"http:\/\/diariodigitalmx.com\/?p=72560"},"modified":"2022-03-09T19:48:32","modified_gmt":"2022-03-10T01:48:32","slug":"el-feminismo-no-es-vandalismo-la-transformacion-esta-en-la-educacion","status":"publish","type":"post","link":"https:\/\/diariodigitalmx.com\/index.php\/2022\/03\/09\/el-feminismo-no-es-vandalismo-la-transformacion-esta-en-la-educacion\/","title":{"rendered":"El feminismo no es vandalismo, la transformaci\u00f3n est\u00e1 en la educaci\u00f3n"},"content":{"rendered":"\n<p>Luz Mar\u00eda Ortiz Quintos <\/p>\n\n\n\n<p>1.-Que debemos considerar justo, correcto, leg\u00edtimo etc.<\/p>\n\n\n\n<ul><li>Justicia es resarcir el da\u00f1o causado, pero eso no se logra agudizando el mal y menos con otro mal mayor, nadie puede ser respetado si primero no se respeta a s\u00ed mismo, la mujer debe saber reconocer su propio valor y ser digna de ello para que los dem\u00e1s tambi\u00e9n lo puedan reconocer, la igualdad s\u00f3lo es posible en el \u00e1mbito de los valores, las diferencias enriquecen y complementan.<br>No se vale exigir justicia y legitimar con violencia, agresi\u00f3n, falta de respeto a la propiedad p\u00fablica y privada. El feminismo no es vandalismo.<\/li><\/ul>\n\n\n\n<p>2.-Qu\u00e9 es lo que la mayor\u00eda de las activistas feministas no les parece de los hechos de eventos como el de ayer.<\/p>\n\n\n\n<p>*Me considero una activista, que busca la verdad, la justicia y el bien com\u00fan, he participado en muchas manifestaciones, la primera precisamente en la explanada de palacio de gobierno, de manera respetuosa, unida a un grupo de ciudadanos dando lectura a nuestras peticiones en favor de la ciudadan\u00eda. Sin alterar la vialidad, sin ocultar mi cara, sin gritos, pintas, ofensas, sin faltarle al respeto a las autoridades, sin da\u00f1ar las instalaciones p\u00fablicas ni privadas y mucho menos ofender, maldecir y gritar a las personas que son la autoridad en turno.<\/p>\n\n\n\n<p>3.- Concluyo:<\/p>\n\n\n\n<p>*Esta lucha por la igualdad, no se debe confundir. Existen diferentes grupos de mujeres.<br>Yo represento al feminismo que reconoce sus diferencias entre los hombres, que busca una equidad en todos los \u00e1mbitos p\u00fablicos y privados sin menospreciar al hombre. Que busca la transformaci\u00f3n cultural a trav\u00e9s de la EDUCACI\u00d3N, que busca el respeto a la Vida, a la Familia, y a las libertades de expresi\u00f3n y de religi\u00f3n. Que a\u00fan falta mucho por mejorar para que las mujeres podamos ser respetadas, valoradas, reconocidas, ocupar puestos por competencias y no por favores, o por nepotismo; pero que en mi experiencia, el camino para trascender debe ser a trav\u00e9s del di\u00e1logo, las acciones positivas, el respeto y la confianza que una Mujer puede generar al ser profesional en su desempe\u00f1o, ya sea en el sector p\u00fablico o privado. Que lo que m\u00e1s hace falta, hoy en d\u00eda, es vivir en una cultura de Valores Humanos, la lucha que yo abandero es cimentada en el amor a mi familia y a mi comunidad.<\/p>\n","protected":false},"excerpt":{"rendered":"<p>Luz Mar\u00eda Ortiz Quintos 1.-Que debemos considerar justo, correcto, leg\u00edtimo etc. Justicia es resarcir el da\u00f1o causado, pero eso no se logra agudizando el mal y menos con otro mal mayor, nadie puede ser respetado si primero no se respeta a s\u00ed mismo, la mujer debe saber reconocer su propio valor y ser digna de [&hellip;]<\/p>\n","protected":false},"author":1,"featured_media":72562,"comment_status":"open","ping_status":"open","sticky":true,"template":"","format":"standard","meta":{"footnotes":""},"categories":[14,12],"tags":[],"_links":{"self":[{"href":"https:\/\/diariodigitalmx.com\/index.php\/wp-json\/wp\/v2\/posts\/72560"}],"collection":[{"href":"https:\/\/diariodigitalmx.com\/index.php\/wp-json\/wp\/v2\/posts"}],"about":[{"href":"https:\/\/diariodigitalmx.com\/index.php\/wp-json\/wp\/v2\/types\/post"}],"author":[{"embeddable":true,"href":"https:\/\/diariodigitalmx.com\/index.php\/wp-json\/wp\/v2\/users\/1"}],"replies":[{"embeddable":true,"href":"https:\/\/diariodigitalmx.com\/index.php\/wp-json\/wp\/v2\/comments?post=72560"}],"version-history":[{"count":2,"href":"https:\/\/diariodigitalmx.com\/index.php\/wp-json\/wp\/v2\/posts\/72560\/revisions"}],"predecessor-version":[{"id":72579,"href":"https:\/\/diariodigitalmx.com\/index.php\/wp-json\/wp\/v2\/posts\/72560\/revisions\/72579"}],"wp:featuredmedia":[{"embeddable":true,"href":"https:\/\/diariodigitalmx.com\/index.php\/wp-json\/wp\/v2\/media\/72562"}],"wp:attachment":[{"href":"https:\/\/diariodigitalmx.com\/index.php\/wp-json\/wp\/v2\/media?parent=72560"}],"wp:term":[{"taxonomy":"category","embeddable":true,"href":"https:\/\/diariodigitalmx.com\/index.php\/wp-json\/wp\/v2\/categories?post=72560"},{"taxonomy":"post_tag","embeddable":true,"href":"https:\/\/diariodigitalmx.com\/index.php\/wp-json\/wp\/v2\/tags?post=72560"}],"curies":[{"name":"wp","href":"https:\/\/api.w.org\/{rel}","templated":true}]}}