{"id":72587,"date":"2022-03-09T23:05:18","date_gmt":"2022-03-10T05:05:18","guid":{"rendered":"http:\/\/diariodigitalmx.com\/?p=72587"},"modified":"2022-03-09T23:07:09","modified_gmt":"2022-03-10T05:07:09","slug":"peligro-para-los-medios-ante-las-redes-sociales-senala-la-unesco","status":"publish","type":"post","link":"https:\/\/diariodigitalmx.com\/index.php\/2022\/03\/09\/peligro-para-los-medios-ante-las-redes-sociales-senala-la-unesco\/","title":{"rendered":"Peligro para los medios ante las redes sociales, se\u00f1ala la Unesco"},"content":{"rendered":"\n<p>EFE<\/p>\n\n\n\n<p>El tir\u00f3n de audiencias y contenidos de las redes sociales y otros gigantes de internet en los \u00faltimos a\u00f1os les ha permitido captar el grueso de los ingresos publicitarios, de forma que los medios de comunicaci\u00f3n profesionales han quedado desplazados y sufren una &#8220;amenaza existencial&#8221;, seg\u00fan la Unesco.<\/p>\n\n\n\n<p>En un informe sobre las tendencias mundiales sobre la libertad de expresi\u00f3n y el desarrollo de los medios entre 2016 y 2021 publicado este jueves, la Organizaci\u00f3n de la ONU para la Educaci\u00f3n, la Ciencia y la Cultura (Unesco) explica que en los \u00faltimos cinco a\u00f1os los ingresos publicitarios de los peri\u00f3dicos se han reducido a la mitad y suponen ahora apenas un 5 % del total, frente al 21 % en 2010.<\/p>\n\n\n\n<p>La parte de los gigantes de internet en ese periodo ha pasado del 17 % al 54 %. Esa doble tendencia, que se ha intensificado durante la pandemia, acarrea cierres de cabeceras y p\u00e9rdida de puestos de trabajo. Dos tercios de los periodistas que siguen en el oficio se sienten menos seguros desde que empez\u00f3 el choque de la covid.<\/p>\n\n\n\n<p>La tirada de los peri\u00f3dicos ya estaba orientada a la baja desde antes de que llegara el coronavirus, pero en 2020 se produjo un verdadero hundimiento (del 13 % respecto al ejercicio anterior) y despu\u00e9s de un repunte t\u00e9cnico en 2021 (+2,3 %), se esperan nuevos descensos este a\u00f1o y los siguientes.<\/p>\n\n\n\n<figure class=\"wp-block-image size-large\"><img loading=\"lazy\" decoding=\"async\" width=\"656\" height=\"370\" src=\"http:\/\/diariodigitalmx.com\/wp-content\/uploads\/2022\/03\/images-3-1.jpeg\" alt=\"\" class=\"wp-image-72592\" srcset=\"https:\/\/diariodigitalmx.com\/wp-content\/uploads\/2022\/03\/images-3-1.jpeg 656w, https:\/\/diariodigitalmx.com\/wp-content\/uploads\/2022\/03\/images-3-1-300x169.jpeg 300w\" sizes=\"(max-width: 656px) 100vw, 656px\" \/><\/figure>\n\n\n\n<p>LAS REDES SOCIALES DESBANCAN A LOS MEDIOS<\/p>\n\n\n\n<p>Esa tirada mundial ha pasado de 552 millones de ejemplares diarios en 2016 a 474 millones en 2021, mientras los usuarios de redes sociales sub\u00edan de 2.300 millones a 4.200 millones en ese mismo periodo.<\/p>\n\n\n\n<p>Por si fuera poco, esta crisis del modelo econ\u00f3mico de los medios se produce en un contexto de &#8220;erosi\u00f3n de las libertades de prensa&#8221;, seg\u00fan la Unesco, que lo ilustra con que al menos en 160 pa\u00edses en el mundo hay leyes penales que tipifican como delito la difamaci\u00f3n.<\/p>\n\n\n\n<p>Desde 2016 se han aprobado o modificado en 44 pa\u00edses normativas para regular los contenidos en internet que, por su formulaci\u00f3n &#8220;demasiado imprecisa&#8221; o por los &#8220;castigos desproporcionados&#8221; que contemplan, &#8220;amenazan la libertad de expresi\u00f3n y la libertad de prensa en l\u00ednea&#8221;.<\/p>\n\n\n\n<p>Los autores del estudio tambi\u00e9n se refieren al riesgo que suponen para la &#8220;informaci\u00f3n como bien com\u00fan&#8221; los contenidos err\u00f3neos y la desinformaci\u00f3n, favorecidos por la reducci\u00f3n de la confianza en los medios y la creciente presencia de las redes sociales en la vida cotidiana de millones de personas.<\/p>\n\n\n\n<p>Porque las empresas de internet act\u00faan muchas veces como vectores y aceleradores en su difusi\u00f3n. Seg\u00fan una investigaci\u00f3n de la Fondazione Bruno Kessler, solo en septiembre de 2020 circularon en Twitter m\u00e1s de un mill\u00f3n de mensajes con informaci\u00f3n exacta, poco fiable o enga\u00f1osa relacionada con la pandemia.<\/p>\n\n\n\n<p>Por lo que respecta a la seguridad de los periodistas la Unesco indica que 400 fueron asesinados por su trabajo o mientras realizaban su labor desde 2016 y hasta finales de 2020 (455 hasta finales de 2021), frente a los 491 en los cinco a\u00f1os precedentes.<\/p>\n\n\n\n<p>Tambi\u00e9n muestra su inquietud por la &#8220;impunidad&#8221; que rodea esos asesinatos, ya que \u00fanicamente el 13 % de los registrados desde 2006 se pueden considerar judicialmente resueltos ahora.<\/p>\n","protected":false},"excerpt":{"rendered":"<p>EFE El tir\u00f3n de audiencias y contenidos de las redes sociales y otros gigantes de internet en los \u00faltimos a\u00f1os les ha permitido captar el grueso de los ingresos publicitarios, de forma que los medios de comunicaci\u00f3n profesionales han quedado desplazados y sufren una &#8220;amenaza existencial&#8221;, seg\u00fan la Unesco. En un informe sobre las tendencias [&hellip;]<\/p>\n","protected":false},"author":1,"featured_media":72589,"comment_status":"open","ping_status":"open","sticky":true,"template":"","format":"standard","meta":{"footnotes":""},"categories":[14,4],"tags":[],"_links":{"self":[{"href":"https:\/\/diariodigitalmx.com\/index.php\/wp-json\/wp\/v2\/posts\/72587"}],"collection":[{"href":"https:\/\/diariodigitalmx.com\/index.php\/wp-json\/wp\/v2\/posts"}],"about":[{"href":"https:\/\/diariodigitalmx.com\/index.php\/wp-json\/wp\/v2\/types\/post"}],"author":[{"embeddable":true,"href":"https:\/\/diariodigitalmx.com\/index.php\/wp-json\/wp\/v2\/users\/1"}],"replies":[{"embeddable":true,"href":"https:\/\/diariodigitalmx.com\/index.php\/wp-json\/wp\/v2\/comments?post=72587"}],"version-history":[{"count":3,"href":"https:\/\/diariodigitalmx.com\/index.php\/wp-json\/wp\/v2\/posts\/72587\/revisions"}],"predecessor-version":[{"id":72593,"href":"https:\/\/diariodigitalmx.com\/index.php\/wp-json\/wp\/v2\/posts\/72587\/revisions\/72593"}],"wp:featuredmedia":[{"embeddable":true,"href":"https:\/\/diariodigitalmx.com\/index.php\/wp-json\/wp\/v2\/media\/72589"}],"wp:attachment":[{"href":"https:\/\/diariodigitalmx.com\/index.php\/wp-json\/wp\/v2\/media?parent=72587"}],"wp:term":[{"taxonomy":"category","embeddable":true,"href":"https:\/\/diariodigitalmx.com\/index.php\/wp-json\/wp\/v2\/categories?post=72587"},{"taxonomy":"post_tag","embeddable":true,"href":"https:\/\/diariodigitalmx.com\/index.php\/wp-json\/wp\/v2\/tags?post=72587"}],"curies":[{"name":"wp","href":"https:\/\/api.w.org\/{rel}","templated":true}]}}