{"id":72623,"date":"2022-03-10T00:30:51","date_gmt":"2022-03-10T06:30:51","guid":{"rendered":"http:\/\/diariodigitalmx.com\/?p=72623"},"modified":"2022-03-10T00:34:43","modified_gmt":"2022-03-10T06:34:43","slug":"el-metro-manzana-de-la-discordia-entre-pudientes-y-pobres-en-monterrey","status":"publish","type":"post","link":"https:\/\/diariodigitalmx.com\/index.php\/2022\/03\/10\/el-metro-manzana-de-la-discordia-entre-pudientes-y-pobres-en-monterrey\/","title":{"rendered":"El Metro, manzana de la discordia entre pudientes y pobres en Monterrey"},"content":{"rendered":"\n<p>Walter Elizondo&nbsp;<\/p>\n\n\n\n<p>Monterrey &#8211; Mientras sectores de clase media alta y clase alta rechazan la L\u00ednea 5 del Metro, habitantes de colonias populares del sur de Monterrey apoyan el proyecto.<\/p>\n\n\n\n<p>Vecinos de colonias de alto nivel adquisitivo en el sur regiomontano&nbsp; han colocado en tres parques m\u00f3dulos para informar del proyecto, de lo que les afectar\u00eda y para recabar firmas, que al s\u00e1bado, superan las 13 mil en rechazo.&nbsp;<\/p>\n\n\n\n<p>En tanto, autoridades estatales contin\u00faan con mesas de trabajo y reuniones con vecinos, en lo que han llamado foros para escuchar las opiniones, e informar acerca del proyecto.&nbsp;<\/p>\n\n\n\n<p>El secretario&nbsp; de Movilidad, Hern\u00e1n Villarreal se\u00f1al\u00f3 que por cuestiones de tiempos, de maniobras y de trabajos en su construcci\u00f3n como en costos, lo mejor es hacer un metro elevado.&nbsp;<\/p>\n\n\n\n<p>En la defensa del proyecto gubernamental explica que en una obra elevada se tardar\u00edamos hasta cuatro a\u00f1os para su operaci\u00f3n con un costo de 16 mil millones de pesos, mientras que de hacerlo subterr\u00e1neo costar\u00eda hasta 49 mil millones de pesos y construirlo m\u00e1s de nueve a\u00f1os.<\/p>\n\n\n\n<p>Los vecinos que rechazan la obra, la aceptar\u00edan si es subterr\u00e1nea, de lo contrario, afectar\u00eda los negocios e impactar\u00eda el uso del suelo, la movilidad y sus propiedades.&nbsp;<\/p>\n\n\n\n<p>Sin embargo, en foros con vecinos de colonias populares, \u00e9stos apoyan el Metro, quieren la obra y se lanzan contra sus vecinos pudientes que la rechazan.<\/p>\n\n\n\n<figure class=\"wp-block-image size-large\"><img loading=\"lazy\" decoding=\"async\" width=\"608\" height=\"342\" src=\"http:\/\/diariodigitalmx.com\/wp-content\/uploads\/2022\/03\/images-2_97640185929371.jpeg\" alt=\"\" class=\"wp-image-72627\" srcset=\"https:\/\/diariodigitalmx.com\/wp-content\/uploads\/2022\/03\/images-2_97640185929371.jpeg 608w, https:\/\/diariodigitalmx.com\/wp-content\/uploads\/2022\/03\/images-2_97640185929371-300x169.jpeg 300w\" sizes=\"(max-width: 608px) 100vw, 608px\" \/><\/figure>\n\n\n\n<p>Con pancartas y lonas apoyan el proyecto y reprochan que algunos pol\u00edticos apoyen a habitantes de colonias de clase media alta y alta, para rechazar la obra si no es subterr\u00e1nea.&nbsp;<\/p>\n\n\n\n<p>Hern\u00e1n Villarreal asegura que&nbsp;la construcci\u00f3n se realizar\u00eda de d\u00eda y de noche, y descarta el metro a nivel de calle porque quitar\u00eda dos carriles.<\/p>\n\n\n\n<p>A\u00f1ade el funcionario que ir\u00edan por tecnolog\u00eda que tienen Madrid, Barcelona o Par\u00eds,\u00a0 y es la que se busca con columnas esbeltas amplitud de las calles y sin quitar un carril en Garza Sada, con\u00a0 estaciones\u00a0 amplias sin afectar predios abajo.<\/p>\n\n\n\n<figure class=\"wp-block-image size-large\"><img loading=\"lazy\" decoding=\"async\" width=\"992\" height=\"558\" src=\"http:\/\/diariodigitalmx.com\/wp-content\/uploads\/2022\/03\/vecinos-vs-metro-1-7ce0bdab.jpg\" alt=\"\" class=\"wp-image-72629\" srcset=\"https:\/\/diariodigitalmx.com\/wp-content\/uploads\/2022\/03\/vecinos-vs-metro-1-7ce0bdab.jpg 992w, https:\/\/diariodigitalmx.com\/wp-content\/uploads\/2022\/03\/vecinos-vs-metro-1-7ce0bdab-300x169.jpg 300w, https:\/\/diariodigitalmx.com\/wp-content\/uploads\/2022\/03\/vecinos-vs-metro-1-7ce0bdab-768x432.jpg 768w\" sizes=\"(max-width: 992px) 100vw, 992px\" \/><\/figure>\n\n\n\n<p>Leopoldo Ita, uno de los representantes de vecinos inconformes rechazo que ellos sean clasistas como asegura el gobernador Samuel Garc\u00eda&nbsp;<\/p>\n\n\n\n<p>\u201cTambi\u00e9n que nos quieran polarizar, no somos clasistas, lo que vemos es que la movilidad no se va ver solventada, porque Revoluci\u00f3n, Garza Sada y L\u00e1zaro C\u00e1rdenas se ven afectadas y el metro s\u00f3lo va a llegar a Mederos\u201d.<\/p>\n\n\n\n<figure class=\"wp-block-image size-large\"><img loading=\"lazy\" decoding=\"async\" width=\"640\" height=\"480\" src=\"http:\/\/diariodigitalmx.com\/wp-content\/uploads\/2022\/03\/images-3_97640271065830.jpeg\" alt=\"\" class=\"wp-image-72632\" srcset=\"https:\/\/diariodigitalmx.com\/wp-content\/uploads\/2022\/03\/images-3_97640271065830.jpeg 640w, https:\/\/diariodigitalmx.com\/wp-content\/uploads\/2022\/03\/images-3_97640271065830-300x225.jpeg 300w\" sizes=\"(max-width: 640px) 100vw, 640px\" \/><\/figure>\n\n\n\n<p>En d\u00edas pasados, el Gobernador dijo que ha sido testigo de que entre algunos ciudadanos prevalece la idea de que hay &#8220;castas o ciudadanos de primera y de segunda&#8221;.<\/p>\n\n\n\n<p>Dice que algunos vecinos del sur de Monterrey han compartido en sus chats que deben oponerse al Metro porque implicar\u00eda que los vecinos de San \u00c1ngel Sur (sector popular) bajaran por sus colonias a la Avenida Garza Sada para abordar ese sistema de transporte colectivo.<\/p>\n\n\n\n<p>Lament\u00f3 que Nuevo Le\u00f3n sea el estado que m\u00e1s discrimina.<\/p>\n","protected":false},"excerpt":{"rendered":"<p>Walter Elizondo&nbsp; Monterrey &#8211; Mientras sectores de clase media alta y clase alta rechazan la L\u00ednea 5 del Metro, habitantes de colonias populares del sur de Monterrey apoyan el proyecto. Vecinos de colonias de alto nivel adquisitivo en el sur regiomontano&nbsp; han colocado en tres parques m\u00f3dulos para informar del proyecto, de lo que les [&hellip;]<\/p>\n","protected":false},"author":1,"featured_media":72625,"comment_status":"open","ping_status":"open","sticky":true,"template":"","format":"standard","meta":{"footnotes":""},"categories":[6,3],"tags":[],"_links":{"self":[{"href":"https:\/\/diariodigitalmx.com\/index.php\/wp-json\/wp\/v2\/posts\/72623"}],"collection":[{"href":"https:\/\/diariodigitalmx.com\/index.php\/wp-json\/wp\/v2\/posts"}],"about":[{"href":"https:\/\/diariodigitalmx.com\/index.php\/wp-json\/wp\/v2\/types\/post"}],"author":[{"embeddable":true,"href":"https:\/\/diariodigitalmx.com\/index.php\/wp-json\/wp\/v2\/users\/1"}],"replies":[{"embeddable":true,"href":"https:\/\/diariodigitalmx.com\/index.php\/wp-json\/wp\/v2\/comments?post=72623"}],"version-history":[{"count":5,"href":"https:\/\/diariodigitalmx.com\/index.php\/wp-json\/wp\/v2\/posts\/72623\/revisions"}],"predecessor-version":[{"id":72633,"href":"https:\/\/diariodigitalmx.com\/index.php\/wp-json\/wp\/v2\/posts\/72623\/revisions\/72633"}],"wp:featuredmedia":[{"embeddable":true,"href":"https:\/\/diariodigitalmx.com\/index.php\/wp-json\/wp\/v2\/media\/72625"}],"wp:attachment":[{"href":"https:\/\/diariodigitalmx.com\/index.php\/wp-json\/wp\/v2\/media?parent=72623"}],"wp:term":[{"taxonomy":"category","embeddable":true,"href":"https:\/\/diariodigitalmx.com\/index.php\/wp-json\/wp\/v2\/categories?post=72623"},{"taxonomy":"post_tag","embeddable":true,"href":"https:\/\/diariodigitalmx.com\/index.php\/wp-json\/wp\/v2\/tags?post=72623"}],"curies":[{"name":"wp","href":"https:\/\/api.w.org\/{rel}","templated":true}]}}