{"id":7263,"date":"2019-07-04T13:00:04","date_gmt":"2019-07-04T18:00:04","guid":{"rendered":"http:\/\/diariodigitalmx.com\/?p=7263"},"modified":"2019-07-04T13:01:40","modified_gmt":"2019-07-04T18:01:40","slug":"marcela-duenas-por-el-hermanamiento-de-ciudades","status":"publish","type":"post","link":"https:\/\/diariodigitalmx.com\/index.php\/2019\/07\/04\/marcela-duenas-por-el-hermanamiento-de-ciudades\/","title":{"rendered":"Marcela Due\u00f1as por el hermanamiento de ciudades"},"content":{"rendered":"\n<p>Por Pedro Garc\u00eda Trevi\u00f1o<\/p>\n\n\n\n<p>La regiomontana Marcela Due\u00f1as asumi\u00f3 como titular de la Asociaci\u00f3n de Empresarios y Ciudades Hermanas (AECHAC) y, activa&nbsp;&nbsp;como es, arranc\u00f3 actividades otorgando reconocimientos a profesionistas destacados, exaltando su dimensi\u00f3n social.<\/p>\n\n\n\n<p>Lo anterior en emotiva ceremonia en el sal\u00f3n Las Lomas donde tom\u00f3 protesta como la titular del Cap\u00edtulo Monterrey de la Asociaci\u00f3n de Empresarios y Ciudades Hermanas ante el testimonio de nutrida concurrencia.<\/p>\n\n\n\n<p>No bien hab\u00eda tomado el reto, Marcela fue sorprendida con el nombramiento de representante de Derechos Humanos Internacional, por parte de \u00c1lvaro Arce, presidente de esa organizaci\u00f3n en M\u00e9xico.<\/p>\n\n\n\n<figure class=\"wp-block-image\"><img loading=\"lazy\" decoding=\"async\" width=\"1024\" height=\"683\" src=\"http:\/\/diariodigitalmx.com\/wp-content\/uploads\/2019\/07\/IMG_2863-1024x683-1024x683.jpg\" alt=\"\" class=\"wp-image-7268\" srcset=\"https:\/\/diariodigitalmx.com\/wp-content\/uploads\/2019\/07\/IMG_2863-1024x683.jpg 1024w, https:\/\/diariodigitalmx.com\/wp-content\/uploads\/2019\/07\/IMG_2863-1024x683-300x200.jpg 300w, https:\/\/diariodigitalmx.com\/wp-content\/uploads\/2019\/07\/IMG_2863-1024x683-768x512.jpg 768w\" sizes=\"(max-width: 1024px) 100vw, 1024px\" \/><\/figure>\n\n\n\n<p>Profesionista, apasionada de la funci\u00f3n social y pol\u00edtica, Due\u00f1as rindi\u00f3 protesta ante el capit\u00e1n Julio Lanestoza, y agradeci\u00f3 el nombramiento mismo que asume como un reto para contribuir al hermanamiento de las sociedades, as\u00ed como la promoci\u00f3n y defensa de los derechos humanos.<\/p>\n\n\n\n<p>Tengan confianza en que realizar\u00e9 el mejor de los esfuerzos para cumplir la encomienda con humildad y cercan\u00eda con la gente, declar\u00f3 Marcela Due\u00f1as en su mensaje.<\/p>\n\n\n\n<p>En su oportunidad, H\u00e9ctor Aguilera, presidente de AECHAC Internacional expres\u00f3 que Marcela y su equipo van a tener mucho trabajo de vinculaci\u00f3n entre el noreste de M\u00e9xico y el sur de los Estados Unidos.<\/p>\n\n\n\n<p>Agreg\u00f3 que la organizaci\u00f3n AECHAC tiene por delante un horizonte amplio de actividades por desarrollar en el fomento de las inversiones tur\u00edsticas, as\u00ed como la promoci\u00f3n del turismo, cultura y el apoyo a las actividades empresariales.<\/p>\n\n\n\n<p>Destac\u00f3 que AECHAC va a tener una presencia relevante en sus relaciones con los consulados y embajadas del gobierno mexicano para establecer una vinculaci\u00f3n activa en distintas actividades dirigidas a engrandecer al pa\u00eds.<\/p>\n\n\n\n<p>RECONOCIMIENTOS<\/p>\n\n\n\n<p>En los actos solemnes, AECHAC otorg\u00f3 reconocimientos a profesionistas regiomontanos destacados en las ramas de la educaci\u00f3n, abogac\u00eda, deporte, pol\u00edtica y funci\u00f3n p\u00fablica, medicina, cultura y el arte.<\/p>\n\n\n\n<p>Entre ellos, la actriz Lucila Mariscal, el pol\u00edtico regio Rub\u00e9n Zaraz\u00faa Rocha, el piloto deportivo Juan Cant\u00fa, el empresario editorial Jorge Ibarra.<\/p>\n\n\n\n<p>Tambi\u00e9n, \u00c1ngeles Garza R\u00edos, el joven polit\u00f3logo Patricio Morelos, doctora Liz Carbone, empresario Patricio Ramos, productor teatral Roberto Garza Leal.<\/p>\n\n\n\n<p>Otros regiomontanos reconocidos fueron Gabriel P\u00e9rez, Mar\u00eda del Carmen Gonz\u00e1lez, Roberto Santana Villarreal, Patricia P\u00e9rez de la Fuente, el productor cinematogr\u00e1fico Leonel Gonz\u00e1lez y \u00c1lvaro Arce Paz.<br><\/p>\n\n\n\n<ul class=\"wp-block-gallery columns-3 is-cropped wp-block-gallery-1 is-layout-flex wp-block-gallery-is-layout-flex\"><li class=\"blocks-gallery-item\"><figure><img loading=\"lazy\" decoding=\"async\" width=\"683\" height=\"1024\" src=\"http:\/\/diariodigitalmx.com\/wp-content\/uploads\/2019\/07\/IMG_2883-683x1024-683x1024.jpg\" alt=\"\" data-id=\"7271\" data-link=\"http:\/\/diariodigitalmx.com\/index.php\/2019\/07\/04\/marcela-duenas-por-el-hermanamiento-de-ciudades\/img_2883-683x1024\/\" class=\"wp-image-7271\" srcset=\"https:\/\/diariodigitalmx.com\/wp-content\/uploads\/2019\/07\/IMG_2883-683x1024.jpg 683w, https:\/\/diariodigitalmx.com\/wp-content\/uploads\/2019\/07\/IMG_2883-683x1024-200x300.jpg 200w\" sizes=\"(max-width: 683px) 100vw, 683px\" \/><\/figure><\/li><li class=\"blocks-gallery-item\"><figure><img loading=\"lazy\" decoding=\"async\" width=\"1024\" height=\"683\" src=\"http:\/\/diariodigitalmx.com\/wp-content\/uploads\/2019\/07\/IMG_2835-1024x683-1024x683.jpg\" alt=\"\" data-id=\"7272\" data-link=\"http:\/\/diariodigitalmx.com\/index.php\/2019\/07\/04\/marcela-duenas-por-el-hermanamiento-de-ciudades\/img_2835-1024x683\/\" class=\"wp-image-7272\" srcset=\"https:\/\/diariodigitalmx.com\/wp-content\/uploads\/2019\/07\/IMG_2835-1024x683.jpg 1024w, https:\/\/diariodigitalmx.com\/wp-content\/uploads\/2019\/07\/IMG_2835-1024x683-300x200.jpg 300w, https:\/\/diariodigitalmx.com\/wp-content\/uploads\/2019\/07\/IMG_2835-1024x683-768x512.jpg 768w\" sizes=\"(max-width: 1024px) 100vw, 1024px\" \/><\/figure><\/li><li class=\"blocks-gallery-item\"><figure><img loading=\"lazy\" decoding=\"async\" width=\"1024\" height=\"683\" src=\"http:\/\/diariodigitalmx.com\/wp-content\/uploads\/2019\/07\/IMG_2837-1024x683-1024x683.jpg\" alt=\"\" data-id=\"7273\" data-link=\"http:\/\/diariodigitalmx.com\/index.php\/2019\/07\/04\/marcela-duenas-por-el-hermanamiento-de-ciudades\/img_2837-1024x683\/\" class=\"wp-image-7273\" srcset=\"https:\/\/diariodigitalmx.com\/wp-content\/uploads\/2019\/07\/IMG_2837-1024x683.jpg 1024w, https:\/\/diariodigitalmx.com\/wp-content\/uploads\/2019\/07\/IMG_2837-1024x683-300x200.jpg 300w, https:\/\/diariodigitalmx.com\/wp-content\/uploads\/2019\/07\/IMG_2837-1024x683-768x512.jpg 768w\" sizes=\"(max-width: 1024px) 100vw, 1024px\" \/><\/figure><\/li><\/ul>\n","protected":false},"excerpt":{"rendered":"<p>Por Pedro Garc\u00eda Trevi\u00f1o La regiomontana Marcela Due\u00f1as asumi\u00f3 como titular de la Asociaci\u00f3n de Empresarios y Ciudades Hermanas (AECHAC) y, activa&nbsp;&nbsp;como es, arranc\u00f3 actividades otorgando reconocimientos a profesionistas destacados, exaltando su dimensi\u00f3n social. Lo anterior en emotiva ceremonia en el sal\u00f3n Las Lomas donde tom\u00f3 protesta como la titular del Cap\u00edtulo Monterrey de la [&hellip;]<\/p>\n","protected":false},"author":1,"featured_media":7265,"comment_status":"open","ping_status":"open","sticky":true,"template":"","format":"standard","meta":{"footnotes":""},"categories":[6],"tags":[],"_links":{"self":[{"href":"https:\/\/diariodigitalmx.com\/index.php\/wp-json\/wp\/v2\/posts\/7263"}],"collection":[{"href":"https:\/\/diariodigitalmx.com\/index.php\/wp-json\/wp\/v2\/posts"}],"about":[{"href":"https:\/\/diariodigitalmx.com\/index.php\/wp-json\/wp\/v2\/types\/post"}],"author":[{"embeddable":true,"href":"https:\/\/diariodigitalmx.com\/index.php\/wp-json\/wp\/v2\/users\/1"}],"replies":[{"embeddable":true,"href":"https:\/\/diariodigitalmx.com\/index.php\/wp-json\/wp\/v2\/comments?post=7263"}],"version-history":[{"count":4,"href":"https:\/\/diariodigitalmx.com\/index.php\/wp-json\/wp\/v2\/posts\/7263\/revisions"}],"predecessor-version":[{"id":7274,"href":"https:\/\/diariodigitalmx.com\/index.php\/wp-json\/wp\/v2\/posts\/7263\/revisions\/7274"}],"wp:featuredmedia":[{"embeddable":true,"href":"https:\/\/diariodigitalmx.com\/index.php\/wp-json\/wp\/v2\/media\/7265"}],"wp:attachment":[{"href":"https:\/\/diariodigitalmx.com\/index.php\/wp-json\/wp\/v2\/media?parent=7263"}],"wp:term":[{"taxonomy":"category","embeddable":true,"href":"https:\/\/diariodigitalmx.com\/index.php\/wp-json\/wp\/v2\/categories?post=7263"},{"taxonomy":"post_tag","embeddable":true,"href":"https:\/\/diariodigitalmx.com\/index.php\/wp-json\/wp\/v2\/tags?post=7263"}],"curies":[{"name":"wp","href":"https:\/\/api.w.org\/{rel}","templated":true}]}}