{"id":72643,"date":"2022-03-10T10:18:17","date_gmt":"2022-03-10T16:18:17","guid":{"rendered":"http:\/\/diariodigitalmx.com\/?p=72643"},"modified":"2022-03-10T10:19:15","modified_gmt":"2022-03-10T16:19:15","slug":"enlace-internacional","status":"publish","type":"post","link":"https:\/\/diariodigitalmx.com\/index.php\/2022\/03\/10\/enlace-internacional\/","title":{"rendered":"Enlace internacional"},"content":{"rendered":"\n<p>Un d\u00eda despu\u00e9s del 8M<\/p>\n\n\n\n<p>Por Lino Enrique \u00c1vila N\u00fa\u00f1ez <\/p>\n\n\n\n<p>Es inconmensurable la cantidad de informaci\u00f3n y de opiniones que han inundado al ciberespacio en raz\u00f3n del D\u00eda Internacional de la Mujer. Los medios de comunicaci\u00f3n y usuarios de las redes sociales (especialmente a trav\u00e9s de Twitter) se volcaron como nunca hac\u00eda un tema impostergable. Las mexicanas, en sincron\u00eda mundial, nuevamente nos pusieron el ejemplo en lo que a defensa de derechos se trata.<\/p>\n\n\n\n<p>El creciente movimiento feminista se ha convertido en una piedra angular en los temas de Igualdad y legalidad.<\/p>\n\n\n\n<p>Necesitamos acelerar el paso e ir al ritmo imparable de ellas. No atr\u00e1s, mucho menos adelante, sino exactamente a su lado.<\/p>\n\n\n\n<p>Despu\u00e9s del pasado 8 de marzo nos ha quedado sumamente claro que este leg\u00edtimo movimiento de justicia y equidad seguir\u00e1 creciendo de manera exponencial. Cada conmemoraci\u00f3n de esa fecha nos deja testimonio de la amplia agenda de g\u00e9nero que a\u00fan nos queda por cumplir.<\/p>\n\n\n\n<p>La actualizaci\u00f3n de las leyes, la implementaci\u00f3n de programas y pol\u00edticas p\u00fablicas con perspectiva de g\u00e9nero, as\u00ed como la asignaci\u00f3n de mayores recursos para tal efecto, son acciones positivas. Sin embargo, no tendr\u00e1n una efectividad integral si no operamos como sociedad y como individuos el cambio fundamental de nuestros pensamientos y de nuestras actitudes hacia las mujeres.<\/p>\n\n\n\n<p>Tan importante es recomponer el entramado legal para hallar a las desaparecidas, como, por ejemplo, tambi\u00e9n desprendernos de expresiones machistas que por definici\u00f3n violentan la dignidad humana. Tan necesario es la transformaci\u00f3n en las estructuras pol\u00edtico y gubernamentales, como de igual manera el cambio en los paradigmas culturales. En este \u00e1mbito todos podemos incidir sin excepci\u00f3n, pues tiene que ver con los actividades y los espacios que cotidianamente compartimos en familia, en la comunidad, en el trabajo, en la escuela.<\/p>\n\n\n\n<p>El 8 de marzo podemos ser emp\u00e1ticos, solidarios, receptivos y\/o entusiastas con el movimiento feminista. Pero lo que sigue despu\u00e9s es igual de trascendente. Vienen 364 d\u00edas en los que todos debemos cumplir con la tarea que de manera puntual y clara nos dejaron las mujeres a toda la sociedad.<\/p>\n\n\n\n<p>Pas\u00f3 el 8 de marzo, pero el D\u00eda de la Mujer debe ser permanente en todo el a\u00f1o.<\/p>\n","protected":false},"excerpt":{"rendered":"<p>Un d\u00eda despu\u00e9s del 8M Por Lino Enrique \u00c1vila N\u00fa\u00f1ez Es inconmensurable la cantidad de informaci\u00f3n y de opiniones que han inundado al ciberespacio en raz\u00f3n del D\u00eda Internacional de la Mujer. Los medios de comunicaci\u00f3n y usuarios de las redes sociales (especialmente a trav\u00e9s de Twitter) se volcaron como nunca hac\u00eda un tema impostergable. [&hellip;]<\/p>\n","protected":false},"author":1,"featured_media":72645,"comment_status":"open","ping_status":"open","sticky":true,"template":"","format":"standard","meta":{"footnotes":""},"categories":[14,12],"tags":[],"_links":{"self":[{"href":"https:\/\/diariodigitalmx.com\/index.php\/wp-json\/wp\/v2\/posts\/72643"}],"collection":[{"href":"https:\/\/diariodigitalmx.com\/index.php\/wp-json\/wp\/v2\/posts"}],"about":[{"href":"https:\/\/diariodigitalmx.com\/index.php\/wp-json\/wp\/v2\/types\/post"}],"author":[{"embeddable":true,"href":"https:\/\/diariodigitalmx.com\/index.php\/wp-json\/wp\/v2\/users\/1"}],"replies":[{"embeddable":true,"href":"https:\/\/diariodigitalmx.com\/index.php\/wp-json\/wp\/v2\/comments?post=72643"}],"version-history":[{"count":1,"href":"https:\/\/diariodigitalmx.com\/index.php\/wp-json\/wp\/v2\/posts\/72643\/revisions"}],"predecessor-version":[{"id":72644,"href":"https:\/\/diariodigitalmx.com\/index.php\/wp-json\/wp\/v2\/posts\/72643\/revisions\/72644"}],"wp:featuredmedia":[{"embeddable":true,"href":"https:\/\/diariodigitalmx.com\/index.php\/wp-json\/wp\/v2\/media\/72645"}],"wp:attachment":[{"href":"https:\/\/diariodigitalmx.com\/index.php\/wp-json\/wp\/v2\/media?parent=72643"}],"wp:term":[{"taxonomy":"category","embeddable":true,"href":"https:\/\/diariodigitalmx.com\/index.php\/wp-json\/wp\/v2\/categories?post=72643"},{"taxonomy":"post_tag","embeddable":true,"href":"https:\/\/diariodigitalmx.com\/index.php\/wp-json\/wp\/v2\/tags?post=72643"}],"curies":[{"name":"wp","href":"https:\/\/api.w.org\/{rel}","templated":true}]}}