{"id":72667,"date":"2022-03-10T22:02:22","date_gmt":"2022-03-11T04:02:22","guid":{"rendered":"http:\/\/diariodigitalmx.com\/?p=72667"},"modified":"2022-03-10T22:02:56","modified_gmt":"2022-03-11T04:02:56","slug":"condena-parlamento-europeo-muerte-de-periodistas-en-mexico","status":"publish","type":"post","link":"https:\/\/diariodigitalmx.com\/index.php\/2022\/03\/10\/condena-parlamento-europeo-muerte-de-periodistas-en-mexico\/","title":{"rendered":"Condena Parlamento Europeo muerte de periodistas en M\u00e9xico"},"content":{"rendered":"\n<p>El Parlamento Europeo (PE) conden\u00f3 este jueves las amenazas, el acoso y el asesinato de periodistas y defensores de los derechos humanos en M\u00e9xico e inst\u00f3 a que estos cr\u00edmenes -que ya han acabado con la vida de seis reporteros en lo que va de 2022- se investiguen de manera &#8220;r\u00e1pida, exhaustiva, independiente e imparcial&#8221;.<\/p>\n\n\n\n<p>&#8220;La libertad de expresi\u00f3n en l\u00ednea y fuera de l\u00ednea, la libertad de prensa y la libertad de reuni\u00f3n constituyen mecanismos clave para el funcionamiento de una democracia sana&#8221;, recuerda la Euroc\u00e1mara en una resoluci\u00f3n aprobada este jueves por 607 votos a favor, 2 en contra y 73 abstenciones,<\/p>\n\n\n\n<p>Los eurodiputados trasladaron su &#8220;solidaridad y empat\u00eda&#8221; a las familias de las v\u00edctimas de estos atentados y subrayaron su preocupaci\u00f3n por el &#8220;clima de inseguridad y hostilidad al que se enfrentan los defensores de los derechos humanos y los periodistas&#8221;.<\/p>\n\n\n\n<p>El texto pide a las autoridades medidas para &#8220;garantizar la protecci\u00f3n y la creaci\u00f3n de un entorno seguro para los periodistas y los defensores de los derechos humanos&#8221;, haciendo frente a la corrupci\u00f3n generalizada y las deficiencias en los sistemas judiciales, que provocan altas tasas de impunidad en estos cr\u00edmenes.<\/p>\n\n\n\n<p>&#8220;La labor period\u00edstica solo puede llevarse a cabo en un entorno libre de amenazas, agresiones f\u00edsicas, psicol\u00f3gicas o morales u otros actos de intimidaci\u00f3n y acoso&#8221;, se\u00f1alan los eurodiputados, que piden a las autoridades mexicanas &#8220;que se abstengan de publicar cualquier comunicaci\u00f3n que pueda estigmatizar a los defensores de los derechos humanos, los periodistas y los trabajadores de los medios de comunicaci\u00f3n&#8221;.<\/p>\n\n\n\n<p>El Mecanismo Federal de Protecci\u00f3n para Personas Defensoras de Derechos Humanos y Periodistas, a\u00f1adieron, debe aumentar su financiaci\u00f3n y establecer &#8220;procesos m\u00e1s r\u00e1pidos para incluir a los defensores y periodistas entre sus beneficiarios&#8221;, con vistas a que puedan recibir medidas de seguridad y protecci\u00f3n.<\/p>\n\n\n\n<p>La Euroc\u00e1mara cree adem\u00e1s que todos los pa\u00edses de la Uni\u00f3n Europea, la diplomacia comunitaria y la delegaci\u00f3n europea en M\u00e9xico deben plantear las preocupaciones en materia de derechos humanos cuando hablen con sus hom\u00f3logos mexicanos y &#8220;dar a la protecci\u00f3n de los periodistas y los defensores de los derechos humanos un lugar destacado en los di\u00e1logos&#8221;.<\/p>\n\n\n\n<p>Desde el a\u00f1o 2000 hasta la fecha, la organizaci\u00f3n Art\u00edculo 19 ha documentado 150 asesinatos de periodistas en M\u00e9xico, en posible relaci\u00f3n con su labor profesional. Del total, 138 son hombres y 12 son mujeres.<\/p>\n\n\n\n<p>De estos, 47 se registraron durante el mandato anterior del presidente Enrique Pe\u00f1a Nieto (2012-2018) y al menos 30 en el actual de Andr\u00e9s Manuel L\u00f3pez Obrador (2018-2024).<\/p>\n","protected":false},"excerpt":{"rendered":"<p>El Parlamento Europeo (PE) conden\u00f3 este jueves las amenazas, el acoso y el asesinato de periodistas y defensores de los derechos humanos en M\u00e9xico e inst\u00f3 a que estos cr\u00edmenes -que ya han acabado con la vida de seis reporteros en lo que va de 2022- se investiguen de manera &#8220;r\u00e1pida, exhaustiva, independiente e imparcial&#8221;. [&hellip;]<\/p>\n","protected":false},"author":1,"featured_media":72669,"comment_status":"open","ping_status":"open","sticky":true,"template":"","format":"standard","meta":{"footnotes":""},"categories":[4,3],"tags":[],"_links":{"self":[{"href":"https:\/\/diariodigitalmx.com\/index.php\/wp-json\/wp\/v2\/posts\/72667"}],"collection":[{"href":"https:\/\/diariodigitalmx.com\/index.php\/wp-json\/wp\/v2\/posts"}],"about":[{"href":"https:\/\/diariodigitalmx.com\/index.php\/wp-json\/wp\/v2\/types\/post"}],"author":[{"embeddable":true,"href":"https:\/\/diariodigitalmx.com\/index.php\/wp-json\/wp\/v2\/users\/1"}],"replies":[{"embeddable":true,"href":"https:\/\/diariodigitalmx.com\/index.php\/wp-json\/wp\/v2\/comments?post=72667"}],"version-history":[{"count":1,"href":"https:\/\/diariodigitalmx.com\/index.php\/wp-json\/wp\/v2\/posts\/72667\/revisions"}],"predecessor-version":[{"id":72668,"href":"https:\/\/diariodigitalmx.com\/index.php\/wp-json\/wp\/v2\/posts\/72667\/revisions\/72668"}],"wp:featuredmedia":[{"embeddable":true,"href":"https:\/\/diariodigitalmx.com\/index.php\/wp-json\/wp\/v2\/media\/72669"}],"wp:attachment":[{"href":"https:\/\/diariodigitalmx.com\/index.php\/wp-json\/wp\/v2\/media?parent=72667"}],"wp:term":[{"taxonomy":"category","embeddable":true,"href":"https:\/\/diariodigitalmx.com\/index.php\/wp-json\/wp\/v2\/categories?post=72667"},{"taxonomy":"post_tag","embeddable":true,"href":"https:\/\/diariodigitalmx.com\/index.php\/wp-json\/wp\/v2\/tags?post=72667"}],"curies":[{"name":"wp","href":"https:\/\/api.w.org\/{rel}","templated":true}]}}