{"id":72670,"date":"2022-03-11T07:26:15","date_gmt":"2022-03-11T13:26:15","guid":{"rendered":"http:\/\/diariodigitalmx.com\/?p=72670"},"modified":"2022-03-11T07:26:50","modified_gmt":"2022-03-11T13:26:50","slug":"que-ideota-barragan","status":"publish","type":"post","link":"https:\/\/diariodigitalmx.com\/index.php\/2022\/03\/11\/que-ideota-barragan\/","title":{"rendered":"Qu\u00e9 \u201cideota\u201d Barrag\u00e1n"},"content":{"rendered":"\n<p>Por Salvador Hern\u00e1ndez<strong><em> LANDEROS<\/em><\/strong><\/p>\n\n\n\n<p>\u00a1Aguas!&#8230; por su gran idea de sobre cobros en el vital l\u00edquido, <strong><em>al titular de Agua y Drenaje<\/em><\/strong>, <strong><em>Juan Ignacio Barrag\u00e1n, los ciudadanos le cobrar\u00e1n la factura<\/em><\/strong>.<\/p>\n\n\n\n<p><strong><em>El director de ese organismo meti\u00f3 en grave problema social a su jefe Samuel Garc\u00eda, un biso\u00f1o aprendiz comparado con Alfonso Mart\u00ednez Dom\u00ednguez<\/em><\/strong>.<\/p>\n\n\n\n<p>Si fuera el sexenio de AMD, <strong><em>por esa \u201cideota\u201d<\/em><\/strong>, <strong><em>ya le hubiera dado una patada en el trasero y puesto de puntitas en la calle por su escasa sensibilidad<\/em><\/strong>.<\/p>\n\n\n\n<p>Ponemos de referencia a Alfonso Mart\u00ednez <strong><em>porque tambi\u00e9n sorte\u00f3 una crisis por la falta de agua, pero la super\u00f3 sin implantar esa medida de Barrag\u00e1n<\/em><\/strong>.<\/p>\n\n\n\n<p>Adem\u00e1s, su justificaci\u00f3n est\u00e1 hu\u00e9rfana<strong><em>. \u201cNo estamos aumentando la tarifa, le estamos pidiendo a la poblaci\u00f3n que ahorre agua, que baje su consumo\u201d.&nbsp; \u00a1Qu\u00e9 poca\u2026!<\/em><\/strong><\/p>\n\n\n\n<p><strong><em>Esa medida es dictatorial<\/em><\/strong>. Acaso piensa que est\u00e1 <strong><em>iluminado y la poblaci\u00f3n de Nuevo Le\u00f3n, tiene una \u201cP\u201d en la frente como para jugarle el dedo en la boca<\/em><\/strong>.<\/p>\n\n\n\n<p>Los servicios del Agua y Drenaje son netamente sociales. <strong><em>El agua es un recurso natural para todo ser humano. Su potabilizaci\u00f3n y distribuci\u00f3n es otra cosa<\/em><\/strong>.<\/p>\n\n\n\n<p>Agua y Drenaje no es una empresa privada como las muchas que hay en NL. No la puede manejar a su antojo.&nbsp; A ver, <strong><em>\u00bfa sus empleados les cobran el agua<\/em><\/strong>?<\/p>\n\n\n\n<p><strong><em>A ver si con los mismos pantalones que tuvo para esa \u201cideota\u201d, se presenta en alg\u00fan bloqueo donde los ciudadanos exijan que se elimine ese sobre cobro<\/em><\/strong>.<\/p>\n\n\n\n<p>Y para ya no hacerla de tos, <strong><em>ya d\u00e9jese de faramallas excavando donde no debe<\/em><\/strong>. Usted debe saber bien <strong><em>d\u00f3nde est\u00e1n los verdaderos pozos de almacenamiento<\/em><\/strong>.<\/p>\n\n\n\n<p><a href=\"mailto:chavalolanderos@yahoo.com.mx\">chavalolanderos@yahoo.com.mx<\/a>&nbsp;<\/p>\n","protected":false},"excerpt":{"rendered":"<p>Por Salvador Hern\u00e1ndez LANDEROS \u00a1Aguas!&#8230; por su gran idea de sobre cobros en el vital l\u00edquido, al titular de Agua y Drenaje, Juan Ignacio Barrag\u00e1n, los ciudadanos le cobrar\u00e1n la factura. El director de ese organismo meti\u00f3 en grave problema social a su jefe Samuel Garc\u00eda, un biso\u00f1o aprendiz comparado con Alfonso Mart\u00ednez Dom\u00ednguez. Si [&hellip;]<\/p>\n","protected":false},"author":1,"featured_media":72672,"comment_status":"open","ping_status":"open","sticky":true,"template":"","format":"standard","meta":{"footnotes":""},"categories":[14,12],"tags":[],"_links":{"self":[{"href":"https:\/\/diariodigitalmx.com\/index.php\/wp-json\/wp\/v2\/posts\/72670"}],"collection":[{"href":"https:\/\/diariodigitalmx.com\/index.php\/wp-json\/wp\/v2\/posts"}],"about":[{"href":"https:\/\/diariodigitalmx.com\/index.php\/wp-json\/wp\/v2\/types\/post"}],"author":[{"embeddable":true,"href":"https:\/\/diariodigitalmx.com\/index.php\/wp-json\/wp\/v2\/users\/1"}],"replies":[{"embeddable":true,"href":"https:\/\/diariodigitalmx.com\/index.php\/wp-json\/wp\/v2\/comments?post=72670"}],"version-history":[{"count":1,"href":"https:\/\/diariodigitalmx.com\/index.php\/wp-json\/wp\/v2\/posts\/72670\/revisions"}],"predecessor-version":[{"id":72671,"href":"https:\/\/diariodigitalmx.com\/index.php\/wp-json\/wp\/v2\/posts\/72670\/revisions\/72671"}],"wp:featuredmedia":[{"embeddable":true,"href":"https:\/\/diariodigitalmx.com\/index.php\/wp-json\/wp\/v2\/media\/72672"}],"wp:attachment":[{"href":"https:\/\/diariodigitalmx.com\/index.php\/wp-json\/wp\/v2\/media?parent=72670"}],"wp:term":[{"taxonomy":"category","embeddable":true,"href":"https:\/\/diariodigitalmx.com\/index.php\/wp-json\/wp\/v2\/categories?post=72670"},{"taxonomy":"post_tag","embeddable":true,"href":"https:\/\/diariodigitalmx.com\/index.php\/wp-json\/wp\/v2\/tags?post=72670"}],"curies":[{"name":"wp","href":"https:\/\/api.w.org\/{rel}","templated":true}]}}