{"id":72678,"date":"2022-03-11T12:36:31","date_gmt":"2022-03-11T18:36:31","guid":{"rendered":"http:\/\/diariodigitalmx.com\/?p=72678"},"modified":"2022-03-11T12:38:04","modified_gmt":"2022-03-11T18:38:04","slug":"comparten-mujeres-profesionistas-experiencias-de-vida-en-foro-del-municipio-de-allende","status":"publish","type":"post","link":"https:\/\/diariodigitalmx.com\/index.php\/2022\/03\/11\/comparten-mujeres-profesionistas-experiencias-de-vida-en-foro-del-municipio-de-allende\/","title":{"rendered":"Comparten mujeres profesionistas experiencias de vida en foro del municipio de Allende"},"content":{"rendered":"\n<p>Walter Elizondo <\/p>\n\n\n\n<p>Legisladoras, pol\u00edticas, periodistas y profesionales de diversas ramas compartieron sus experiencias de vida en el marco de las conmemoraciones del D\u00eda Internacional de la Mujer, en un foro organizado por la presidencia municipal de Allende, Nuevo Le\u00f3n.<\/p>\n\n\n\n<p>A lo largo de dos horas y media, m\u00e1s de 450 asistentes al encuentro denominado \u201cDi\u00e1logos y Reflexiones con Mujeres que Inspiran\u201d conocieron las vivencias de las conferencistas para empatar su vida privada con la profesional, formar una familia a la par de desempe\u00f1arse activamente en la sociedad pese a los diversos obst\u00e1culos que se les presentaron.<\/p>\n\n\n\n<figure class=\"wp-block-image size-large\"><img loading=\"lazy\" decoding=\"async\" width=\"1024\" height=\"682\" src=\"http:\/\/diariodigitalmx.com\/wp-content\/uploads\/2022\/03\/IMG-20220311-WA0005.jpg\" alt=\"\" class=\"wp-image-72681\" srcset=\"https:\/\/diariodigitalmx.com\/wp-content\/uploads\/2022\/03\/IMG-20220311-WA0005.jpg 1024w, https:\/\/diariodigitalmx.com\/wp-content\/uploads\/2022\/03\/IMG-20220311-WA0005-300x200.jpg 300w, https:\/\/diariodigitalmx.com\/wp-content\/uploads\/2022\/03\/IMG-20220311-WA0005-768x512.jpg 768w\" sizes=\"(max-width: 1024px) 100vw, 1024px\" \/><\/figure>\n\n\n\n<p>El foro se desarroll\u00f3 en el Teatro Allende en donde la alcaldesa Patricia Salazar Marroqu\u00edn, anfitriona del encuentro, destac\u00f3 la relevancia de compartir las experiencias de aquellas mujeres sobresalientes en sus \u00e1mbitos, para inspirar a las presentes y futuras generaciones \u201ca desarrollar sus cualidades, fortalecerse an\u00edmicamente y buscar sus propias oportunidades para desarrollarse\u201d<\/p>\n\n\n\n<p>La tambi\u00e9n ex diputada local enfatiz\u00f3 que la celebraci\u00f3n del D\u00eda Internacional de la Mujer debe ser todos los d\u00edas, y prueba de ello es que las mujeres l\u00edderes de Nuevo Le\u00f3n compartan su experiencia desde su \u00e1mbito profesional y c\u00f3mo a trav\u00e9s de su lucha han logrado sus metas y objetivos.<\/p>\n\n\n\n<figure class=\"wp-block-image size-large\"><img loading=\"lazy\" decoding=\"async\" width=\"1024\" height=\"663\" src=\"http:\/\/diariodigitalmx.com\/wp-content\/uploads\/2022\/03\/IMG-20220311-WA0003.jpg\" alt=\"\" class=\"wp-image-72683\" srcset=\"https:\/\/diariodigitalmx.com\/wp-content\/uploads\/2022\/03\/IMG-20220311-WA0003.jpg 1024w, https:\/\/diariodigitalmx.com\/wp-content\/uploads\/2022\/03\/IMG-20220311-WA0003-300x194.jpg 300w, https:\/\/diariodigitalmx.com\/wp-content\/uploads\/2022\/03\/IMG-20220311-WA0003-768x497.jpg 768w\" sizes=\"(max-width: 1024px) 100vw, 1024px\" \/><\/figure>\n\n\n\n<p>El foro permiti\u00f3 la participaci\u00f3n de pluralidad de experiencias y pensamientos, as\u00ed como idearios pol\u00edticos, con la asistencia de Indira Kempis, senadora por Nuevo Le\u00f3n y militante del partido Movimiento Ciudadano, la diputada federal por el PRI, Karina Barr\u00f3n.<\/p>\n\n\n\n<p>Adem\u00e1s de la actual presidenta de la mesa directiva del Congreso de Nuevo Le\u00f3n y ex alcaldesa de Guadalupe, la priista Ivonne \u00c1lvarez, y de Laura Paula L\u00f3pez, presidenta ejecutiva del Instituto Estatal de las Mujeres.<\/p>\n\n\n\n<p>El panel de conferencista incluy\u00f3 adem\u00e1s a Karla Minaya, periodista y conductora de Noticias en Televisa Monterrey, as\u00ed como Patricia Salazar Marroqu\u00edn, quien comparti\u00f3 su experiencia personal de presidir la alcald\u00eda de Allende adem\u00e1s de haber sido representante en el Congreso de Nuevo Le\u00f3n.<\/p>\n","protected":false},"excerpt":{"rendered":"<p>Walter Elizondo Legisladoras, pol\u00edticas, periodistas y profesionales de diversas ramas compartieron sus experiencias de vida en el marco de las conmemoraciones del D\u00eda Internacional de la Mujer, en un foro organizado por la presidencia municipal de Allende, Nuevo Le\u00f3n. A lo largo de dos horas y media, m\u00e1s de 450 asistentes al encuentro denominado \u201cDi\u00e1logos [&hellip;]<\/p>\n","protected":false},"author":1,"featured_media":72680,"comment_status":"open","ping_status":"open","sticky":true,"template":"","format":"standard","meta":{"footnotes":""},"categories":[14,6],"tags":[],"_links":{"self":[{"href":"https:\/\/diariodigitalmx.com\/index.php\/wp-json\/wp\/v2\/posts\/72678"}],"collection":[{"href":"https:\/\/diariodigitalmx.com\/index.php\/wp-json\/wp\/v2\/posts"}],"about":[{"href":"https:\/\/diariodigitalmx.com\/index.php\/wp-json\/wp\/v2\/types\/post"}],"author":[{"embeddable":true,"href":"https:\/\/diariodigitalmx.com\/index.php\/wp-json\/wp\/v2\/users\/1"}],"replies":[{"embeddable":true,"href":"https:\/\/diariodigitalmx.com\/index.php\/wp-json\/wp\/v2\/comments?post=72678"}],"version-history":[{"count":3,"href":"https:\/\/diariodigitalmx.com\/index.php\/wp-json\/wp\/v2\/posts\/72678\/revisions"}],"predecessor-version":[{"id":72684,"href":"https:\/\/diariodigitalmx.com\/index.php\/wp-json\/wp\/v2\/posts\/72678\/revisions\/72684"}],"wp:featuredmedia":[{"embeddable":true,"href":"https:\/\/diariodigitalmx.com\/index.php\/wp-json\/wp\/v2\/media\/72680"}],"wp:attachment":[{"href":"https:\/\/diariodigitalmx.com\/index.php\/wp-json\/wp\/v2\/media?parent=72678"}],"wp:term":[{"taxonomy":"category","embeddable":true,"href":"https:\/\/diariodigitalmx.com\/index.php\/wp-json\/wp\/v2\/categories?post=72678"},{"taxonomy":"post_tag","embeddable":true,"href":"https:\/\/diariodigitalmx.com\/index.php\/wp-json\/wp\/v2\/tags?post=72678"}],"curies":[{"name":"wp","href":"https:\/\/api.w.org\/{rel}","templated":true}]}}