{"id":72710,"date":"2022-03-11T18:02:49","date_gmt":"2022-03-12T00:02:49","guid":{"rendered":"http:\/\/diariodigitalmx.com\/?p=72710"},"modified":"2022-03-11T18:13:43","modified_gmt":"2022-03-12T00:13:43","slug":"alumna-de-la-uanl-denuncia-amenazas-y-fasci-acusa-a-grupo-radical-de-causar-psicosis","status":"publish","type":"post","link":"https:\/\/diariodigitalmx.com\/index.php\/2022\/03\/11\/alumna-de-la-uanl-denuncia-amenazas-y-fasci-acusa-a-grupo-radical-de-causar-psicosis\/","title":{"rendered":"Alumna de la UANL denuncia amenazas y Fasci acusa a grupo radical de causar psicosis"},"content":{"rendered":"\n<p>Walter Elizondo <\/p>\n\n\n\n<p>Monterrey &#8211;&nbsp; Una&nbsp; estudiante denunci\u00f3 ante la Fiscal\u00eda amenazas de un ataque en la Facultad de Ciencias de la Comunicaci\u00f3n de la UANL, y&nbsp; las autoridades de Seguridad P\u00fablica dicen que un grupo &#8220;radical&#8221;, est\u00e1 detr\u00e1s de las amenazas que provocaron la alarma en diversas escuelas universitarias.&nbsp;<\/p>\n\n\n\n<p>Inclusive, el grupo que no identific\u00f3 el Secretario de Seguridad P\u00fablica, Aldo Fasci, tambi\u00e9n se infiltr\u00f3 en la marcha de mujeres que vandaliz\u00f3 el Palacio de Gobierno.&nbsp;<\/p>\n\n\n\n<p>A su vez, la Fiscal\u00eda General de Justicia abri\u00f3 una carpeta de investigaci\u00f3n, y se establecieron &nbsp; medidas de protecci\u00f3n en la Unidad Mederos de la Universidad Aut\u00f3noma de Nuevo Le\u00f3n, al sur de la ciudad, tras la denuncia que hizo la alumna de la Facultad de Ciencias de la Comunicaci\u00f3n.&nbsp;<\/p>\n\n\n\n<p>La noche del mi\u00e9rcoles y el jueves circul\u00f3 en redes sociales que habr\u00eda ataques en algunas preparatorias y facultades de la universidad, por lo que hubo alarma, suspensi\u00f3n de clases y temor.<\/p>\n\n\n\n<figure class=\"wp-block-image size-large\"><img loading=\"lazy\" decoding=\"async\" width=\"864\" height=\"523\" src=\"http:\/\/diariodigitalmx.com\/wp-content\/uploads\/2022\/03\/IMG-20220310-WA0010-1.jpg\" alt=\"\" class=\"wp-image-72714\" srcset=\"https:\/\/diariodigitalmx.com\/wp-content\/uploads\/2022\/03\/IMG-20220310-WA0010-1.jpg 864w, https:\/\/diariodigitalmx.com\/wp-content\/uploads\/2022\/03\/IMG-20220310-WA0010-1-300x182.jpg 300w, https:\/\/diariodigitalmx.com\/wp-content\/uploads\/2022\/03\/IMG-20220310-WA0010-1-768x465.jpg 768w\" sizes=\"(max-width: 864px) 100vw, 864px\" \/><\/figure>\n\n\n\n<p>Las investigaciones se\u00f1alan que quien hizo la publicaci\u00f3n en redes sociales dec\u00eda que habr\u00eda un ataque de parte de una persona, pero se sabe que la persona que hizo las amenazas, presuntamente ya hab\u00eda intentado matar a su hermano.<\/p>\n\n\n\n<p>El secretario de Seguridad P\u00fablica dijo que el grupo radical envi\u00f3 gente del centro del pa\u00eds a infiltrarse en la marcha de mujeres y que, adem\u00e1s act\u00faa tambi\u00e9n difundiendo miedo con presuntos ataques.&nbsp;<\/p>\n\n\n\n<p>Seg\u00fan Fasci, el grupo opera como una empresa y financia a otros grupos m\u00e1s peque\u00f1os para cometer diversos delitos. &#8220;Haz de cuenta que es el due\u00f1o de una empresa y que tiene dos empresas chiquitas, una para romper vidrios y otra para hacer chismes, pero el due\u00f1o es el que mueve todo&#8221;, coment\u00f3 sin dar m\u00e1s detalles.<\/p>\n\n\n\n<p>Este mismo grupo ha difundido falsas amenazas para generar psicosis en escuelas universitarias p\u00fablicas y privadas, acus\u00f3.&nbsp;<\/p>\n\n\n\n<p>Seg\u00fan Fasci, &#8220;buscan desestabilizar dos cosas, al Gobierno y al movimiento de mujeres, es un tema pol\u00edtico&#8221;, advirti\u00f3.<\/p>\n","protected":false},"excerpt":{"rendered":"<p>Walter Elizondo Monterrey &#8211;&nbsp; Una&nbsp; estudiante denunci\u00f3 ante la Fiscal\u00eda amenazas de un ataque en la Facultad de Ciencias de la Comunicaci\u00f3n de la UANL, y&nbsp; las autoridades de Seguridad P\u00fablica dicen que un grupo &#8220;radical&#8221;, est\u00e1 detr\u00e1s de las amenazas que provocaron la alarma en diversas escuelas universitarias.&nbsp; Inclusive, el grupo que no identific\u00f3 [&hellip;]<\/p>\n","protected":false},"author":1,"featured_media":72713,"comment_status":"open","ping_status":"open","sticky":true,"template":"","format":"standard","meta":{"footnotes":""},"categories":[6,3],"tags":[],"_links":{"self":[{"href":"https:\/\/diariodigitalmx.com\/index.php\/wp-json\/wp\/v2\/posts\/72710"}],"collection":[{"href":"https:\/\/diariodigitalmx.com\/index.php\/wp-json\/wp\/v2\/posts"}],"about":[{"href":"https:\/\/diariodigitalmx.com\/index.php\/wp-json\/wp\/v2\/types\/post"}],"author":[{"embeddable":true,"href":"https:\/\/diariodigitalmx.com\/index.php\/wp-json\/wp\/v2\/users\/1"}],"replies":[{"embeddable":true,"href":"https:\/\/diariodigitalmx.com\/index.php\/wp-json\/wp\/v2\/comments?post=72710"}],"version-history":[{"count":3,"href":"https:\/\/diariodigitalmx.com\/index.php\/wp-json\/wp\/v2\/posts\/72710\/revisions"}],"predecessor-version":[{"id":72715,"href":"https:\/\/diariodigitalmx.com\/index.php\/wp-json\/wp\/v2\/posts\/72710\/revisions\/72715"}],"wp:featuredmedia":[{"embeddable":true,"href":"https:\/\/diariodigitalmx.com\/index.php\/wp-json\/wp\/v2\/media\/72713"}],"wp:attachment":[{"href":"https:\/\/diariodigitalmx.com\/index.php\/wp-json\/wp\/v2\/media?parent=72710"}],"wp:term":[{"taxonomy":"category","embeddable":true,"href":"https:\/\/diariodigitalmx.com\/index.php\/wp-json\/wp\/v2\/categories?post=72710"},{"taxonomy":"post_tag","embeddable":true,"href":"https:\/\/diariodigitalmx.com\/index.php\/wp-json\/wp\/v2\/tags?post=72710"}],"curies":[{"name":"wp","href":"https:\/\/api.w.org\/{rel}","templated":true}]}}