{"id":72731,"date":"2022-03-13T13:33:39","date_gmt":"2022-03-13T19:33:39","guid":{"rendered":"http:\/\/diariodigitalmx.com\/?p=72731"},"modified":"2022-03-13T13:34:45","modified_gmt":"2022-03-13T19:34:45","slug":"dicen-construiran-tres-lineas-del-metro-y-no-dos","status":"publish","type":"post","link":"https:\/\/diariodigitalmx.com\/index.php\/2022\/03\/13\/dicen-construiran-tres-lineas-del-metro-y-no-dos\/","title":{"rendered":"Promete Samuel Garc\u00eda construir tres l\u00edneas del Metro y no dos"},"content":{"rendered":"\n<p>Walter Elizondo <\/p>\n\n\n\n<p>Monterrey &#8211;&nbsp; Seg\u00fan el gobernador Samuel Garc\u00eda, se construir\u00e1n tres l\u00edneas del metro y advirti\u00f3 que pese a la oposici\u00f3n de los vecinos, se har\u00e1 la L\u00ednea 5 al sur de la Ciudad.&nbsp;<\/p>\n\n\n\n<p>Incluso, contemplan tambi\u00e9n ampliar la L\u00ednea 1 al municipio de Ju\u00e1rez y la L\u00ednea 3 a otros sectores del de Apodaca, ambos con Transmetro el\u00e9ctrico.<\/p>\n\n\n\n<p>La l\u00ednea 6 se suma al anunci\u00f3 que hizo al inicio de su gobierno de construir las L\u00edneas 4 y 5.<\/p>\n\n\n\n<p>En total proyectan construir 41 kil\u00f3metros de Metro con 41 estaciones. Las tres l\u00edneas actuales suman 40.2 kil\u00f3metros con 40 estaciones.<\/p>\n\n\n\n<p>De acuerdo a estimaciones de Hern\u00e1n Villarreal, Secretario de Movilidad estatal, las tres nuevas l\u00edneas costar\u00edan al Estado unos 26 mil millones de pesos.<\/p>\n\n\n\n<p>Seg\u00fan Villarreal, ser\u00e1 de lo m\u00e1s moderno jam\u00e1s construido en M\u00e9xico y que solo existen en pa\u00edses desarrollados, adem\u00e1s que ayudar\u00e1 a no depreciar los predios.&nbsp;<\/p>\n\n\n\n<p>El gobernador Garc\u00eda asegura que hay dinero para la obra, porque se tiene gente intachable que maneja y cuida los recursos.&nbsp;<\/p>\n\n\n\n<p>Luego lanz\u00f3 la narrativa: &#8220;S\u00ed hay dinero y s\u00ed alcanza cuando no se lo roban los pol\u00edticos corruptos e impuestos que tuvimos en Nuevo Le\u00f3n&#8221;.&nbsp;<\/p>\n","protected":false},"excerpt":{"rendered":"<p>Walter Elizondo Monterrey &#8211;&nbsp; Seg\u00fan el gobernador Samuel Garc\u00eda, se construir\u00e1n tres l\u00edneas del metro y advirti\u00f3 que pese a la oposici\u00f3n de los vecinos, se har\u00e1 la L\u00ednea 5 al sur de la Ciudad.&nbsp; Incluso, contemplan tambi\u00e9n ampliar la L\u00ednea 1 al municipio de Ju\u00e1rez y la L\u00ednea 3 a otros sectores del de [&hellip;]<\/p>\n","protected":false},"author":1,"featured_media":72734,"comment_status":"open","ping_status":"open","sticky":true,"template":"","format":"standard","meta":{"footnotes":""},"categories":[6,3],"tags":[],"_links":{"self":[{"href":"https:\/\/diariodigitalmx.com\/index.php\/wp-json\/wp\/v2\/posts\/72731"}],"collection":[{"href":"https:\/\/diariodigitalmx.com\/index.php\/wp-json\/wp\/v2\/posts"}],"about":[{"href":"https:\/\/diariodigitalmx.com\/index.php\/wp-json\/wp\/v2\/types\/post"}],"author":[{"embeddable":true,"href":"https:\/\/diariodigitalmx.com\/index.php\/wp-json\/wp\/v2\/users\/1"}],"replies":[{"embeddable":true,"href":"https:\/\/diariodigitalmx.com\/index.php\/wp-json\/wp\/v2\/comments?post=72731"}],"version-history":[{"count":2,"href":"https:\/\/diariodigitalmx.com\/index.php\/wp-json\/wp\/v2\/posts\/72731\/revisions"}],"predecessor-version":[{"id":72733,"href":"https:\/\/diariodigitalmx.com\/index.php\/wp-json\/wp\/v2\/posts\/72731\/revisions\/72733"}],"wp:featuredmedia":[{"embeddable":true,"href":"https:\/\/diariodigitalmx.com\/index.php\/wp-json\/wp\/v2\/media\/72734"}],"wp:attachment":[{"href":"https:\/\/diariodigitalmx.com\/index.php\/wp-json\/wp\/v2\/media?parent=72731"}],"wp:term":[{"taxonomy":"category","embeddable":true,"href":"https:\/\/diariodigitalmx.com\/index.php\/wp-json\/wp\/v2\/categories?post=72731"},{"taxonomy":"post_tag","embeddable":true,"href":"https:\/\/diariodigitalmx.com\/index.php\/wp-json\/wp\/v2\/tags?post=72731"}],"curies":[{"name":"wp","href":"https:\/\/api.w.org\/{rel}","templated":true}]}}