{"id":72776,"date":"2022-03-14T00:36:18","date_gmt":"2022-03-14T06:36:18","guid":{"rendered":"http:\/\/diariodigitalmx.com\/?p=72776"},"modified":"2022-03-14T00:36:53","modified_gmt":"2022-03-14T06:36:53","slug":"cosas-del-tony-37","status":"publish","type":"post","link":"https:\/\/diariodigitalmx.com\/index.php\/2022\/03\/14\/cosas-del-tony-37\/","title":{"rendered":"Cosas del Tony"},"content":{"rendered":"\n<p>Por: Antonio S\u00e1nchez R.&nbsp;<\/p>\n\n\n\n<p>Violencia \u201cdeportiva\u201d\u2026&nbsp;<\/p>\n\n\n\n<p>Lo ocurrido el pasado s\u00e1bado en el estadio La Corregidora de Quer\u00e9taro era algo qu\u00e9 pod\u00eda haber ocurri\u00f3 en cualquier plaza futbolera de nuestro pa\u00eds. El problema es algo que se ha venido desarrollando de manera gradual. La descomposici\u00f3n social que se vive es inminente, pero no es asunto nuevo. Hace algunos a\u00f1os, escrib\u00ed un art\u00edculo que titul\u00e9 precisamente \u201cDescomposici\u00f3n Social\u201d, mismo que aqu\u00ed les comparto:<\/p>\n\n\n\n<p>\u201cLa evidente descomposici\u00f3n social que se est\u00e1 viviendo a nivel general en nuestro pa\u00eds, no empez\u00f3 ayer, ni hace cuatro o 10 a\u00f1os, sino que se ha venido dando de manera paulatina, conforme las grandes ciudades y todas la manchas urbanas van creciendo y convirti\u00e9ndose en masas informes, heterog\u00e9neas y tan diversificadas, que finalmente llegamos a dudar acerca de nuestra propia identidad regional.<\/p>\n\n\n\n<p>\u201cHemos visto c\u00f3mo al paso de los a\u00f1os, la deshumanizaci\u00f3n de la sociedad ha sido una caracter\u00edstica por dem\u00e1s visible, pese a que, parad\u00f3jicamente, se aparenta una cierta sensibilidad humana a la hora de tener frente a s\u00ed problemas en los que grandes sectores de la poblaci\u00f3n se ven afectados por fen\u00f3menos naturales como terremotos, ciclones, huracanes o hasta por los embates de la crisis galopante por la que transitamos cada d\u00eda desde hace ya casi cuatro d\u00e9cadas.<\/p>\n\n\n\n<p>\u201cNuestra sociedad pasa por una crisis terrible en todos los sentidos, no s\u00f3lo en lo econ\u00f3mico, sino tambi\u00e9n en lo pol\u00edtico y en lo social, pero esto no se ha dado de la noche a la ma\u00f1ana, sino que ha sido a trav\u00e9s de un proceso lento, en el que ha tenido mucho que ver la carencia de un verdadero liderazgo en todos los \u00e1mbitos, desde lo local hasta lo nacional.<\/p>\n\n\n\n<p>\u201cLa anarqu\u00eda campea por doquier y hasta en las llamadas \u201credes sociales\u201d se alcanza a percibir el comportamiento violento, v\u00eda el lenguaje, las descalificaciones, el insulto, la diatriba, la divulgaci\u00f3n mentirosa y hasta sospechosa de ciertos materiales que son presentados como si fuesen la \u201cverdad absoluta\u201d.<\/p>\n\n\n\n<p>\u201cPero, \u00bfqueremos que todas las cosas sean distintas? Empecemos por cambiar nosotros mismos, no esperemos a que otros hagan lo que tenemos qu\u00e9 hacer y si est\u00e1 en nosotros, hay que echarle una mano a los dem\u00e1s, sobre todo a aquellos que necesiten de un simple apoyo para obtener lo que est\u00e1 lejos de su alcance.<\/p>\n\n\n\n<p>\u201cEn resumidas cuentas, si queremos un cambio, debemos ayudar a que \u00e9ste se genere; si no estamos dispuestos a cambiar, entonces no hay que estorbar en el cambio, hay qu\u00e9 dejar libre el camino a otros que s\u00ed quieran tener un entorno diferente, un pa\u00eds m\u00e1s digno, un lugar en el que se pueda vivir mejor\u201d.<\/p>\n\n\n\n<p>El crecimiento de la violencia en los estadios alcanz\u00f3 su m\u00e1ximo en Quer\u00e9taro y las sanciones anunciadas ya, no han sido del todo satisfactorias. Recetaron aspirinas para atacar un c\u00e1ncer terminal. El tiempo nos dir\u00e1 que tan efectivas fueron las medidas tomadas y en su momento, volveremos a comentarlo, sean cuales sean los resultados.&nbsp;<\/p>\n","protected":false},"excerpt":{"rendered":"<p>Por: Antonio S\u00e1nchez R.&nbsp; Violencia \u201cdeportiva\u201d\u2026&nbsp; Lo ocurrido el pasado s\u00e1bado en el estadio La Corregidora de Quer\u00e9taro era algo qu\u00e9 pod\u00eda haber ocurri\u00f3 en cualquier plaza futbolera de nuestro pa\u00eds. El problema es algo que se ha venido desarrollando de manera gradual. La descomposici\u00f3n social que se vive es inminente, pero no es asunto [&hellip;]<\/p>\n","protected":false},"author":1,"featured_media":72778,"comment_status":"open","ping_status":"open","sticky":true,"template":"","format":"standard","meta":{"footnotes":""},"categories":[12,5],"tags":[],"_links":{"self":[{"href":"https:\/\/diariodigitalmx.com\/index.php\/wp-json\/wp\/v2\/posts\/72776"}],"collection":[{"href":"https:\/\/diariodigitalmx.com\/index.php\/wp-json\/wp\/v2\/posts"}],"about":[{"href":"https:\/\/diariodigitalmx.com\/index.php\/wp-json\/wp\/v2\/types\/post"}],"author":[{"embeddable":true,"href":"https:\/\/diariodigitalmx.com\/index.php\/wp-json\/wp\/v2\/users\/1"}],"replies":[{"embeddable":true,"href":"https:\/\/diariodigitalmx.com\/index.php\/wp-json\/wp\/v2\/comments?post=72776"}],"version-history":[{"count":1,"href":"https:\/\/diariodigitalmx.com\/index.php\/wp-json\/wp\/v2\/posts\/72776\/revisions"}],"predecessor-version":[{"id":72777,"href":"https:\/\/diariodigitalmx.com\/index.php\/wp-json\/wp\/v2\/posts\/72776\/revisions\/72777"}],"wp:featuredmedia":[{"embeddable":true,"href":"https:\/\/diariodigitalmx.com\/index.php\/wp-json\/wp\/v2\/media\/72778"}],"wp:attachment":[{"href":"https:\/\/diariodigitalmx.com\/index.php\/wp-json\/wp\/v2\/media?parent=72776"}],"wp:term":[{"taxonomy":"category","embeddable":true,"href":"https:\/\/diariodigitalmx.com\/index.php\/wp-json\/wp\/v2\/categories?post=72776"},{"taxonomy":"post_tag","embeddable":true,"href":"https:\/\/diariodigitalmx.com\/index.php\/wp-json\/wp\/v2\/tags?post=72776"}],"curies":[{"name":"wp","href":"https:\/\/api.w.org\/{rel}","templated":true}]}}