{"id":72785,"date":"2022-03-14T15:09:16","date_gmt":"2022-03-14T21:09:16","guid":{"rendered":"http:\/\/diariodigitalmx.com\/?p=72785"},"modified":"2022-03-14T15:10:31","modified_gmt":"2022-03-14T21:10:31","slug":"solicita-waldo-fernandez-mesa-de-dialogo-para-atender-a-taxistas-de-nuevo-leon","status":"publish","type":"post","link":"https:\/\/diariodigitalmx.com\/index.php\/2022\/03\/14\/solicita-waldo-fernandez-mesa-de-dialogo-para-atender-a-taxistas-de-nuevo-leon\/","title":{"rendered":"Solicita Waldo Fern\u00e1ndez Mesa de di\u00e1logo para atender a taxistas de Nuevo Le\u00f3n"},"content":{"rendered":"\n<p>*Se re\u00fane con integrantes de la Festa de la CROC de NL<\/p>\n\n\n\n<p>Monterrey &#8211; Con la finalidad de&nbsp; garantizar los derechos de los taxistas de Nuevo Le\u00f3n el diputado local Waldo Fern\u00e1ndez Gonz\u00e1lez, solicit\u00f3 al titular de la Secretar\u00eda de Movilidad y Planeaci\u00f3n Urbana, se realice una mesa de di\u00e1logo con la Federaci\u00f3n Estatal de Sindicatos de Trabajadores del Autotransporte C.R.O.C. para escuchar las necesidades de las personas que se dedican a brindar servicio de taxi.&nbsp;<\/p>\n\n\n\n<p>Asimismo, pidi\u00f3 se invite tambi\u00e9n a los integrantes de la Comisi\u00f3n de Movilidad del Congreso del Estado, para que den testimonio de la misma.<\/p>\n\n\n\n<p>Lo anterior ante el pleno del Congreso, a fin de que se consideren las necesidades de \u00e9ste gremio para explorar sus observaciones a la Ley de Movilidad Sostenible y Accesibilidad para el Estado de Nuevo Le\u00f3n.<\/p>\n\n\n\n<p>\u201cLos taxistas son trabajadores que llevan a cabo su actividad obteniendo ingresos que fluct\u00faan entre un poco m\u00e1s de dos salarios m\u00ednimos diarios y ocasionalmente un poco m\u00e1s de tres salarios m\u00ednimos diarios. Y adem\u00e1s sin seguridad social. Y desde luego que con esos ingresos no hay posibilidades de ahorrar dinero para el futuro. Ellos viven al d\u00eda\u201d, dijo.<\/p>\n\n\n\n<figure class=\"wp-block-image size-large\"><img loading=\"lazy\" decoding=\"async\" width=\"1024\" height=\"768\" src=\"http:\/\/diariodigitalmx.com\/wp-content\/uploads\/2022\/03\/IMG-20220314-WA0002-1024x768.jpg\" alt=\"\" class=\"wp-image-72788\" srcset=\"https:\/\/diariodigitalmx.com\/wp-content\/uploads\/2022\/03\/IMG-20220314-WA0002-1024x768.jpg 1024w, https:\/\/diariodigitalmx.com\/wp-content\/uploads\/2022\/03\/IMG-20220314-WA0002-300x225.jpg 300w, https:\/\/diariodigitalmx.com\/wp-content\/uploads\/2022\/03\/IMG-20220314-WA0002-768x576.jpg 768w, https:\/\/diariodigitalmx.com\/wp-content\/uploads\/2022\/03\/IMG-20220314-WA0002.jpg 1280w\" sizes=\"(max-width: 1024px) 100vw, 1024px\" \/><\/figure>\n\n\n\n<p>Luego de que el pasado mi\u00e9rcoles un grupo de 100 taxistas asistieron a manifestarse en la explanada del Congreso, fueron escuchados por los Diputados Waldo Fern\u00e1ndez y Jes\u00fas G\u00f3mez quienes se comprometieron a apoyarlos.&nbsp;<\/p>\n\n\n\n<p>\u201dVi desesperaci\u00f3n, vi el rostro de personas que est\u00e1n verdaderamente desesperadas y que te hablan de su patrimonio no sea menos sino un promedio en 4000 a&nbsp; 5000 pesos mensuales, entre todos estas cosas que est\u00e1n sucediendo en los tres \u00f3rdenes de gobierno&#8221;.&nbsp;<\/p>\n\n\n\n<p>&#8220;Por eso vengo a presentar este punto de acuerdo ya que me manifestaron que desde el&nbsp; 2011 no se ha autorizado ning\u00fan incremento a la tarifa del taxi p\u00fablico en el estado,&nbsp; casi una d\u00e9cada un poco m\u00e1s de una d\u00e9cada para ser exactos, en el proceso pues evidentemente hubo incrementos de gasolina hoy tenemos un inflaci\u00f3n un fen\u00f3meno inflacionario extra\u00f1o pero cercano al 7% a nivel mundial pero hay que decirlo a nosotros nos interesa lo que pasa en M\u00e9xico y concretamente en Nuevo Le\u00f3n\u201d, dijo Waldo Fern\u00e1ndez.&nbsp;<\/p>\n\n\n\n<p>En Nuevo Le\u00f3n existen 32,690 taxistas&nbsp; registrados, que atienden al&nbsp; 4% de&nbsp; la poblaci\u00f3n, es decir, 150,000 personas.&nbsp;<\/p>\n\n\n\n<p>El planteamiento concreto lo hizo el Secretario General de la Federaci\u00f3n Estatal de Sindicatos de trabajadores del Autotransporte de la CROC, Osvaldo Serna Serv\u00edn, quien entreg\u00f3 una petici\u00f3n por escrito, en donde piden que el&nbsp; Congreso revise la Ley de Movilidad qu\u00e9 es parte de las discusiones que se est\u00e1n llevando y de las las iniciativas que se han presentado.&nbsp;<\/p>\n\n\n\n<p>Osvaldo Serna denunci\u00f3 la persecuci\u00f3n y otros problemas que enfrentan con Movilidad.&nbsp;<\/p>\n","protected":false},"excerpt":{"rendered":"<p>*Se re\u00fane con integrantes de la Festa de la CROC de NL Monterrey &#8211; Con la finalidad de&nbsp; garantizar los derechos de los taxistas de Nuevo Le\u00f3n el diputado local Waldo Fern\u00e1ndez Gonz\u00e1lez, solicit\u00f3 al titular de la Secretar\u00eda de Movilidad y Planeaci\u00f3n Urbana, se realice una mesa de di\u00e1logo con la Federaci\u00f3n Estatal de [&hellip;]<\/p>\n","protected":false},"author":1,"featured_media":72787,"comment_status":"open","ping_status":"open","sticky":true,"template":"","format":"standard","meta":{"footnotes":""},"categories":[6,3],"tags":[],"_links":{"self":[{"href":"https:\/\/diariodigitalmx.com\/index.php\/wp-json\/wp\/v2\/posts\/72785"}],"collection":[{"href":"https:\/\/diariodigitalmx.com\/index.php\/wp-json\/wp\/v2\/posts"}],"about":[{"href":"https:\/\/diariodigitalmx.com\/index.php\/wp-json\/wp\/v2\/types\/post"}],"author":[{"embeddable":true,"href":"https:\/\/diariodigitalmx.com\/index.php\/wp-json\/wp\/v2\/users\/1"}],"replies":[{"embeddable":true,"href":"https:\/\/diariodigitalmx.com\/index.php\/wp-json\/wp\/v2\/comments?post=72785"}],"version-history":[{"count":2,"href":"https:\/\/diariodigitalmx.com\/index.php\/wp-json\/wp\/v2\/posts\/72785\/revisions"}],"predecessor-version":[{"id":72789,"href":"https:\/\/diariodigitalmx.com\/index.php\/wp-json\/wp\/v2\/posts\/72785\/revisions\/72789"}],"wp:featuredmedia":[{"embeddable":true,"href":"https:\/\/diariodigitalmx.com\/index.php\/wp-json\/wp\/v2\/media\/72787"}],"wp:attachment":[{"href":"https:\/\/diariodigitalmx.com\/index.php\/wp-json\/wp\/v2\/media?parent=72785"}],"wp:term":[{"taxonomy":"category","embeddable":true,"href":"https:\/\/diariodigitalmx.com\/index.php\/wp-json\/wp\/v2\/categories?post=72785"},{"taxonomy":"post_tag","embeddable":true,"href":"https:\/\/diariodigitalmx.com\/index.php\/wp-json\/wp\/v2\/tags?post=72785"}],"curies":[{"name":"wp","href":"https:\/\/api.w.org\/{rel}","templated":true}]}}