{"id":728,"date":"2019-03-02T10:22:36","date_gmt":"2019-03-02T16:22:36","guid":{"rendered":"http:\/\/diariodigitalmx.com\/?p=728"},"modified":"2019-03-02T11:54:28","modified_gmt":"2019-03-02T17:54:28","slug":"en-san-nicolas-de-los-garza-alcaldia-suple-con-autobuses-gratuitos-a-ruta-camioneta-que-paro","status":"publish","type":"post","link":"https:\/\/diariodigitalmx.com\/index.php\/2019\/03\/02\/en-san-nicolas-de-los-garza-alcaldia-suple-con-autobuses-gratuitos-a-ruta-camioneta-que-paro\/","title":{"rendered":"En San Nicol\u00e1s de los Garza, alcald\u00eda suple con autobuses gratuitos a ruta camionera que par\u00f3"},"content":{"rendered":"\n<p><strong>Armando Galicia<\/strong><br><\/p>\n\n\n\n<p>Por lo menos tres mil usuarios que resultaron afectados por el paro de una ruta camionera en el municipio de San Nicol\u00e1s de los Garza, suplieron el servicio con el apoyo de autobuses gratuitos por parte de la alcald\u00eda que encabeza Zeferino Salgado. <br><br><\/p>\n\n\n\n<p><br>Tras de que &nbsp;la ruta 326 dej\u00f3 de dar servicio, el municipio de San Nicol\u00e1s inici\u00f3 un operativo para suplir la cancelaci\u00f3n de los camiones a trav\u00e9s de cuatro autobuses gratuitos desde las 6:30 horas.<br><br>El operativo inici\u00f3 &nbsp;en el cruce de la avenida R\u00f3mulo Garza y Ra\u00fal Murrieta en la colonia Constituyentes de Quer\u00e9taro segundo sector.<br><br>A partir del viernes el ramal Pe\u00f1a Guerra de la ruta 326 dej\u00f3 de dar servicio, por lo que miles de usuarios de las colonias aleda\u00f1as se quedaron sin una opci\u00f3n para llegar a sus trabajos.<br><br>El alcalde Zeferino Salgado indic\u00f3 que este servicio durar\u00e1 durante el fin de semana y recorrer\u00e1 las avenidas principales hasta donde est\u00e1 circulando el otro ramal de ruta 326.<br><br>Por otra parte, el Secretario de Movilidad, Marco Garc\u00eda, inform\u00f3 que estas unidades pueden ser abordadas en cualquier parada p\u00fablica y estar\u00e1n identificadas para que los usuarios la puedan reconocer y sepan que es un servicio gratuito.<br><\/p>\n\n\n\n<p>El Ayuntamiento mostr\u00f3 disposici\u00f3n de seguir con el apoyo hasta en tanto se solucione el problema camionero que se enfrenta actualmente.<\/p>\n","protected":false},"excerpt":{"rendered":"<p>Armando Galicia Por lo menos tres mil usuarios que resultaron afectados por el paro de una ruta camionera en el municipio de San Nicol\u00e1s de los Garza, suplieron el servicio con el apoyo de autobuses gratuitos por parte de la alcald\u00eda que encabeza Zeferino Salgado. Tras de que &nbsp;la ruta 326 dej\u00f3 de dar servicio, [&hellip;]<\/p>\n","protected":false},"author":1,"featured_media":729,"comment_status":"open","ping_status":"open","sticky":true,"template":"","format":"standard","meta":{"footnotes":""},"categories":[6],"tags":[],"_links":{"self":[{"href":"https:\/\/diariodigitalmx.com\/index.php\/wp-json\/wp\/v2\/posts\/728"}],"collection":[{"href":"https:\/\/diariodigitalmx.com\/index.php\/wp-json\/wp\/v2\/posts"}],"about":[{"href":"https:\/\/diariodigitalmx.com\/index.php\/wp-json\/wp\/v2\/types\/post"}],"author":[{"embeddable":true,"href":"https:\/\/diariodigitalmx.com\/index.php\/wp-json\/wp\/v2\/users\/1"}],"replies":[{"embeddable":true,"href":"https:\/\/diariodigitalmx.com\/index.php\/wp-json\/wp\/v2\/comments?post=728"}],"version-history":[{"count":2,"href":"https:\/\/diariodigitalmx.com\/index.php\/wp-json\/wp\/v2\/posts\/728\/revisions"}],"predecessor-version":[{"id":731,"href":"https:\/\/diariodigitalmx.com\/index.php\/wp-json\/wp\/v2\/posts\/728\/revisions\/731"}],"wp:featuredmedia":[{"embeddable":true,"href":"https:\/\/diariodigitalmx.com\/index.php\/wp-json\/wp\/v2\/media\/729"}],"wp:attachment":[{"href":"https:\/\/diariodigitalmx.com\/index.php\/wp-json\/wp\/v2\/media?parent=728"}],"wp:term":[{"taxonomy":"category","embeddable":true,"href":"https:\/\/diariodigitalmx.com\/index.php\/wp-json\/wp\/v2\/categories?post=728"},{"taxonomy":"post_tag","embeddable":true,"href":"https:\/\/diariodigitalmx.com\/index.php\/wp-json\/wp\/v2\/tags?post=728"}],"curies":[{"name":"wp","href":"https:\/\/api.w.org\/{rel}","templated":true}]}}