{"id":7280,"date":"2019-07-04T14:36:59","date_gmt":"2019-07-04T19:36:59","guid":{"rendered":"http:\/\/diariodigitalmx.com\/?p=7280"},"modified":"2019-07-04T14:40:29","modified_gmt":"2019-07-04T19:40:29","slug":"piden-pastores-rechazar-exhorto-de-colosio-contra-la-iglesia","status":"publish","type":"post","link":"https:\/\/diariodigitalmx.com\/index.php\/2019\/07\/04\/piden-pastores-rechazar-exhorto-de-colosio-contra-la-iglesia\/","title":{"rendered":"Solicitan pastores rechazar exhorto de Colosio contra la iglesia"},"content":{"rendered":"\n<p>David Casas<\/p>\n\n\n\n<p>Monterrey, N. L- Pastores Evang\u00e9licos pidieron a los diputados locales no aprueben una propuesta de grupos antag\u00f3nicos que pretenden que ya no den sus mensajes religiosos en la v\u00eda p\u00fablica.<br><\/p>\n\n\n\n<p>Ellos acudieron al Congreso del Estado donde presentaron &nbsp;un escrito en el que  solicitan no aprobar un dictamen emitido por la Comisi\u00f3n de Desarrollo Social y en el que, consideran atenta contra la libertad de expresi\u00f3n y religiosa.<br><\/p>\n\n\n\n<p>Refirieron que el 2 de abril se turn\u00f3 a esa Comisi\u00f3n, presidida por Luis Donaldo Colosio, l\u00edder de la fracci\u00f3n de Movimiento Ciudadano, un escrito donde un grupo de ciudadanos pide que se solicite al municipio de Monterrey evitar que en los espacios p\u00fablicos a su cargo, grupos religiosos o de cualquier otra naturaleza, promuevan discursos de odio, discriminaci\u00f3n e incitaci\u00f3n a la violencia.<br><\/p>\n\n\n\n<p>En ese escrito se &nbsp;afirma que desde hace unos siete a\u00f1os, un grupo de predicadores evang\u00e9licos se ha apostado en la Alameda para realizar servicios de culto p\u00fablico y dispersar mensajes de odio contra drogadictos, alcoh\u00f3licos o la comunidad gay.<\/p>\n\n\n\n<p><br><\/p>\n\n\n\n<figure class=\"wp-block-image\"><img loading=\"lazy\" decoding=\"async\" width=\"1024\" height=\"768\" src=\"http:\/\/diariodigitalmx.com\/wp-content\/uploads\/2019\/07\/IMG-20190704-WA0014-1024x768.jpg\" alt=\"\" class=\"wp-image-7284\" srcset=\"https:\/\/diariodigitalmx.com\/wp-content\/uploads\/2019\/07\/IMG-20190704-WA0014-1024x768.jpg 1024w, https:\/\/diariodigitalmx.com\/wp-content\/uploads\/2019\/07\/IMG-20190704-WA0014-300x225.jpg 300w, https:\/\/diariodigitalmx.com\/wp-content\/uploads\/2019\/07\/IMG-20190704-WA0014-768x576.jpg 768w, https:\/\/diariodigitalmx.com\/wp-content\/uploads\/2019\/07\/IMG-20190704-WA0014.jpg 1280w\" sizes=\"(max-width: 1024px) 100vw, 1024px\" \/><\/figure>\n\n\n\n<p>Inclusive, la petici\u00f3n, fue aprobada en la Comisi\u00f3n de Desarrollo Social y los pastores &nbsp;consideran que no debe ser validada en el Pleno.<br><\/p>\n\n\n\n<p>&#8220;Solicitamos sea votado en contra, y se d\u00e9 como asunto totalmente concluido por el Pleno, el dictamen por los hechos, razones, violaciones y derechos que se nos hacen nugatorios dentro de la libre configuraci\u00f3n en lo particular y en lo colectivo que tenemos de profesar nuestra creencia religiosa, nuestra libertad de culto y nuestra fe en el \u00e1mbito p\u00fablico o privado&#8221;, establece el escrito presentado por los pastores.<br><\/p>\n\n\n\n<p>En ese sentido, &nbsp;Margil Lima, pastor de Iglesia Casa de Milagros Monterrey, explica que el dictamen aprobado en la Comisi\u00f3n tiene diversas omisiones legislativas y son m\u00e1s de 25 organizaciones religiosas y civiles las que &nbsp;solicitan no aprobarlo en el Pleno.<br><\/p>\n\n\n\n<p>&#8220;Nosotros estamos pidiendo que se respete nuestra libertad de culto, nuestra libertad religiosa y que profesamos, y el escrito es s\u00f3lo una petici\u00f3n al Congreso para que no se tome en cuenta este dictamen que present\u00f3 Colosio, s\u00f3lo queremos que se nos permita expresar libremente nuestra creencia, porque nuestro mensaje es de fe, de amor, de esperanza y paz, no de odio como lamentablemente se se\u00f1ala&#8221;.<br><\/p>\n\n\n\n<p>Desean que se reconsidere ese dictamen, que se vote en contra, porque no se puede prohibir la libertad de culto.<\/p>\n\n\n\n<p><\/p>\n\n\n\n<figure class=\"wp-block-image\"><img loading=\"lazy\" decoding=\"async\" width=\"1024\" height=\"768\" src=\"http:\/\/diariodigitalmx.com\/wp-content\/uploads\/2019\/07\/IMG-20190704-WA0012-1024x768.jpg\" alt=\"\" class=\"wp-image-7286\" srcset=\"https:\/\/diariodigitalmx.com\/wp-content\/uploads\/2019\/07\/IMG-20190704-WA0012-1024x768.jpg 1024w, https:\/\/diariodigitalmx.com\/wp-content\/uploads\/2019\/07\/IMG-20190704-WA0012-300x225.jpg 300w, https:\/\/diariodigitalmx.com\/wp-content\/uploads\/2019\/07\/IMG-20190704-WA0012-768x576.jpg 768w, https:\/\/diariodigitalmx.com\/wp-content\/uploads\/2019\/07\/IMG-20190704-WA0012.jpg 1280w\" sizes=\"(max-width: 1024px) 100vw, 1024px\" \/><\/figure>\n","protected":false},"excerpt":{"rendered":"<p>David Casas Monterrey, N. L- Pastores Evang\u00e9licos pidieron a los diputados locales no aprueben una propuesta de grupos antag\u00f3nicos que pretenden que ya no den sus mensajes religiosos en la v\u00eda p\u00fablica. Ellos acudieron al Congreso del Estado donde presentaron &nbsp;un escrito en el que solicitan no aprobar un dictamen emitido por la Comisi\u00f3n de [&hellip;]<\/p>\n","protected":false},"author":1,"featured_media":7282,"comment_status":"open","ping_status":"open","sticky":true,"template":"","format":"standard","meta":{"footnotes":""},"categories":[14,6],"tags":[],"_links":{"self":[{"href":"https:\/\/diariodigitalmx.com\/index.php\/wp-json\/wp\/v2\/posts\/7280"}],"collection":[{"href":"https:\/\/diariodigitalmx.com\/index.php\/wp-json\/wp\/v2\/posts"}],"about":[{"href":"https:\/\/diariodigitalmx.com\/index.php\/wp-json\/wp\/v2\/types\/post"}],"author":[{"embeddable":true,"href":"https:\/\/diariodigitalmx.com\/index.php\/wp-json\/wp\/v2\/users\/1"}],"replies":[{"embeddable":true,"href":"https:\/\/diariodigitalmx.com\/index.php\/wp-json\/wp\/v2\/comments?post=7280"}],"version-history":[{"count":4,"href":"https:\/\/diariodigitalmx.com\/index.php\/wp-json\/wp\/v2\/posts\/7280\/revisions"}],"predecessor-version":[{"id":7289,"href":"https:\/\/diariodigitalmx.com\/index.php\/wp-json\/wp\/v2\/posts\/7280\/revisions\/7289"}],"wp:featuredmedia":[{"embeddable":true,"href":"https:\/\/diariodigitalmx.com\/index.php\/wp-json\/wp\/v2\/media\/7282"}],"wp:attachment":[{"href":"https:\/\/diariodigitalmx.com\/index.php\/wp-json\/wp\/v2\/media?parent=7280"}],"wp:term":[{"taxonomy":"category","embeddable":true,"href":"https:\/\/diariodigitalmx.com\/index.php\/wp-json\/wp\/v2\/categories?post=7280"},{"taxonomy":"post_tag","embeddable":true,"href":"https:\/\/diariodigitalmx.com\/index.php\/wp-json\/wp\/v2\/tags?post=7280"}],"curies":[{"name":"wp","href":"https:\/\/api.w.org\/{rel}","templated":true}]}}