{"id":72810,"date":"2022-03-14T19:14:11","date_gmt":"2022-03-15T01:14:11","guid":{"rendered":"http:\/\/diariodigitalmx.com\/?p=72810"},"modified":"2022-03-14T19:15:12","modified_gmt":"2022-03-15T01:15:12","slug":"preparese-viene-alza-de-tarifas-en-camiones-y-metro","status":"publish","type":"post","link":"https:\/\/diariodigitalmx.com\/index.php\/2022\/03\/14\/preparese-viene-alza-de-tarifas-en-camiones-y-metro\/","title":{"rendered":"Prep\u00e1rese viene alza de tarifas en camiones y Metro"},"content":{"rendered":"\n<p>Walter Elizondo&nbsp;<\/p>\n\n\n\n<p>Monterrey &#8211; El gobierno de Nuevo Le\u00f3n prepara alza en las tarifas del transporte urbano.&nbsp;<\/p>\n\n\n\n<p>En los \u00faltimos ocho a\u00f1os no se han elevado las tarifas del transporte urbano y las del metro en 18 a\u00f1os, por lo que se prepara un incremento.&nbsp;<\/p>\n\n\n\n<p>Lo anterior se desprende de la convocatoria que ha circulado para la reuni\u00f3n de la Comisi\u00f3n de Tarifas del Instituto de Movilidad, la que ver\u00eda este ajuste tarifario el martes por la tarde.&nbsp;<\/p>\n\n\n\n<p>De acuerdo a integrantes de la citada comisi\u00f3n, la convocatoria establece como \u00fanico punto del orden del d\u00eda la discusi\u00f3n del nuevo esquema tarifario para usuarios y transportistas.<\/p>\n\n\n\n<figure class=\"wp-block-image size-large\"><img loading=\"lazy\" decoding=\"async\" width=\"678\" height=\"452\" src=\"http:\/\/diariodigitalmx.com\/wp-content\/uploads\/2022\/03\/images-2-10.jpeg\" alt=\"\" class=\"wp-image-72734\" srcset=\"https:\/\/diariodigitalmx.com\/wp-content\/uploads\/2022\/03\/images-2-10.jpeg 678w, https:\/\/diariodigitalmx.com\/wp-content\/uploads\/2022\/03\/images-2-10-300x200.jpeg 300w\" sizes=\"(max-width: 678px) 100vw, 678px\" \/><\/figure>\n\n\n\n<p>&#8220;Presentaci\u00f3n de la solicitud para iniciar el proceso de an\u00e1lisis del nuevo esquema de pago por veh\u00edculo kil\u00f3metro a prestadores del servicio y del esquema de tarifas a los usuarios (Secretar\u00eda de Movilidad y Planeaci\u00f3n Urbana)&#8221;, dice la convocatoria.&nbsp;<\/p>\n\n\n\n<p>El&nbsp; nuevo sistema de peaje se incluye como parte de la reestructuraci\u00f3n en el transporte, en el cual el estado cobrar\u00e1 el peaje a los usuarios y pagar\u00e1 a los transportistas por kil\u00f3metro recorrido.<\/p>\n\n\n\n<p>Lo anterior ha provocado algunas cr\u00edticas y oposici\u00f3n de grupos de usuarios, de transportistas y de sindicatos que prefieren un incremento de un porcentaje.&nbsp;<\/p>\n\n\n\n<p>Actualmente la tarifa del transporte es de 12 pesos, del Metro 4.50 y en 8.48 el banderazo de salida de los taxis.&nbsp;<\/p>\n\n\n\n<p>Osvaldo Serna Serv\u00edn, secretario general de la Federaci\u00f3n Estatal de Sindicatos de Trabajadores del Autotransporte, de la CROC afirma que el incremento tarifario debe ser de un peso 50 centavos, pero tambi\u00e9n exige que la reestructuraci\u00f3n del transporte incluya la modernizaci\u00f3n de la infraestructura en las calles y avenidas, adem\u00e1s de la inseguridad que les afecta.&nbsp;<\/p>\n\n\n\n<p>Serna Serv\u00edn tambi\u00e9n exige que se ponga un alto a la persecuci\u00f3n que realiza el gobierno contra los taxistas y camioneros, en una acci\u00f3n recaudatoria con multas exorbitantes e injustificadas.&nbsp;<\/p>\n\n\n\n<p>&#8220;La reestructuraci\u00f3n no debe centrarse en el alza de tarifas, ser\u00e1 un fracaso si no se arreglan calles y avenidas, si no se garantiza la seguridad y si el gobierno insiste en perseguirlos para aplicar multas sin justificaci\u00f3n&#8221;, explica Serna Serv\u00edn, quien dice que el Estado les debe millones de pesos por el pago que debe hacer por el servicio de rutas de trasbordo al Metro&#8221;.&nbsp;<\/p>\n\n\n\n<p>El parque vehicular de camiones que oscil\u00f3 en unos 5 mil se ha disminuido en los \u00faltimos tres a\u00f1os a unos dos mil 300 aproximadamente, luego de que los transportistas se niegan a salir con m\u00e1s unidades, debido a que no hay alza de tarifas, lo que ha creado tumultos y aglomeraciones de los usuarios.&nbsp;<\/p>\n","protected":false},"excerpt":{"rendered":"<p>Walter Elizondo&nbsp; Monterrey &#8211; El gobierno de Nuevo Le\u00f3n prepara alza en las tarifas del transporte urbano.&nbsp; En los \u00faltimos ocho a\u00f1os no se han elevado las tarifas del transporte urbano y las del metro en 18 a\u00f1os, por lo que se prepara un incremento.&nbsp; Lo anterior se desprende de la convocatoria que ha circulado [&hellip;]<\/p>\n","protected":false},"author":1,"featured_media":72812,"comment_status":"open","ping_status":"open","sticky":true,"template":"","format":"standard","meta":{"footnotes":""},"categories":[6,3],"tags":[],"_links":{"self":[{"href":"https:\/\/diariodigitalmx.com\/index.php\/wp-json\/wp\/v2\/posts\/72810"}],"collection":[{"href":"https:\/\/diariodigitalmx.com\/index.php\/wp-json\/wp\/v2\/posts"}],"about":[{"href":"https:\/\/diariodigitalmx.com\/index.php\/wp-json\/wp\/v2\/types\/post"}],"author":[{"embeddable":true,"href":"https:\/\/diariodigitalmx.com\/index.php\/wp-json\/wp\/v2\/users\/1"}],"replies":[{"embeddable":true,"href":"https:\/\/diariodigitalmx.com\/index.php\/wp-json\/wp\/v2\/comments?post=72810"}],"version-history":[{"count":2,"href":"https:\/\/diariodigitalmx.com\/index.php\/wp-json\/wp\/v2\/posts\/72810\/revisions"}],"predecessor-version":[{"id":72813,"href":"https:\/\/diariodigitalmx.com\/index.php\/wp-json\/wp\/v2\/posts\/72810\/revisions\/72813"}],"wp:featuredmedia":[{"embeddable":true,"href":"https:\/\/diariodigitalmx.com\/index.php\/wp-json\/wp\/v2\/media\/72812"}],"wp:attachment":[{"href":"https:\/\/diariodigitalmx.com\/index.php\/wp-json\/wp\/v2\/media?parent=72810"}],"wp:term":[{"taxonomy":"category","embeddable":true,"href":"https:\/\/diariodigitalmx.com\/index.php\/wp-json\/wp\/v2\/categories?post=72810"},{"taxonomy":"post_tag","embeddable":true,"href":"https:\/\/diariodigitalmx.com\/index.php\/wp-json\/wp\/v2\/tags?post=72810"}],"curies":[{"name":"wp","href":"https:\/\/api.w.org\/{rel}","templated":true}]}}