{"id":72814,"date":"2022-03-14T19:21:36","date_gmt":"2022-03-15T01:21:36","guid":{"rendered":"http:\/\/diariodigitalmx.com\/?p=72814"},"modified":"2022-03-14T19:24:08","modified_gmt":"2022-03-15T01:24:08","slug":"otra-vez-fuego-en-sierra-de-santiago-nl","status":"publish","type":"post","link":"https:\/\/diariodigitalmx.com\/index.php\/2022\/03\/14\/otra-vez-fuego-en-sierra-de-santiago-nl\/","title":{"rendered":"Otra vez fuego en Sierra de Santiago, NL"},"content":{"rendered":"\n<p>Walter Elizondo&nbsp;<\/p>\n\n\n\n<p>*En marzo de 2021 el fuego consumi\u00f3 unas 15 mil hect\u00e1reas&nbsp;<\/p>\n\n\n\n<p>Santiago -La Sierra de Santiago nuevamente tiene un incendio forestal que inici\u00f3 en esa amplia zona boscosa del municipio de Santiago.&nbsp;<\/p>\n\n\n\n<p>El fuego se registra en el \u00e1rea conocida como Las Adjuntas, hasta donde han llegado grupos de trabajo de diversas instituciones de auxilio.<\/p>\n\n\n\n<figure class=\"wp-block-image size-large\"><img loading=\"lazy\" decoding=\"async\" width=\"1024\" height=\"683\" src=\"http:\/\/diariodigitalmx.com\/wp-content\/uploads\/2022\/03\/FB_IMG_1647303921572-1024x683.jpg\" alt=\"\" class=\"wp-image-72818\" srcset=\"https:\/\/diariodigitalmx.com\/wp-content\/uploads\/2022\/03\/FB_IMG_1647303921572-1024x683.jpg 1024w, https:\/\/diariodigitalmx.com\/wp-content\/uploads\/2022\/03\/FB_IMG_1647303921572-300x200.jpg 300w, https:\/\/diariodigitalmx.com\/wp-content\/uploads\/2022\/03\/FB_IMG_1647303921572-768x512.jpg 768w, https:\/\/diariodigitalmx.com\/wp-content\/uploads\/2022\/03\/FB_IMG_1647303921572.jpg 1080w\" sizes=\"(max-width: 1024px) 100vw, 1024px\" \/><\/figure>\n\n\n\n<p>El Alcalde de Santiago, David de la Pe\u00f1a inform\u00f3 que personal de Protecci\u00f3n Civil de Santiago y del Estado, junto a la SEDENA, CONAFOR y cuerpos de auxilio de municipios vecinos realizan labores de combate para sofocar el incendio que se presenta en el ejido Mauricios a la altura de Las Adjuntas.&nbsp;<\/p>\n\n\n\n<p>Se utiliza tambi\u00e9n un helic\u00f3ptero, donde Protecci\u00f3n Civil estatal realiza sobrevuelos para determinar la extensi\u00f3n y magnitud del fuego mientras otro grupo de rescatistas se acerca por v\u00eda terrestre.<\/p>\n\n\n\n<figure class=\"wp-block-image size-large\"><img loading=\"lazy\" decoding=\"async\" width=\"1024\" height=\"683\" src=\"http:\/\/diariodigitalmx.com\/wp-content\/uploads\/2022\/03\/FB_IMG_1647303930721-1024x683.jpg\" alt=\"\" class=\"wp-image-72822\" srcset=\"https:\/\/diariodigitalmx.com\/wp-content\/uploads\/2022\/03\/FB_IMG_1647303930721-1024x683.jpg 1024w, https:\/\/diariodigitalmx.com\/wp-content\/uploads\/2022\/03\/FB_IMG_1647303930721-300x200.jpg 300w, https:\/\/diariodigitalmx.com\/wp-content\/uploads\/2022\/03\/FB_IMG_1647303930721-768x512.jpg 768w, https:\/\/diariodigitalmx.com\/wp-content\/uploads\/2022\/03\/FB_IMG_1647303930721.jpg 1080w\" sizes=\"(max-width: 1024px) 100vw, 1024px\" \/><\/figure>\n\n\n\n<p>Protecci\u00f3n Civil inform\u00f3 que el incendio se alcanza a observar desde Puerto Genovevo, en la misma zona que es una extensa \u00e1rea de bosques.<\/p>\n\n\n\n<figure class=\"wp-block-image size-large\"><img loading=\"lazy\" decoding=\"async\" width=\"1024\" height=\"683\" src=\"http:\/\/diariodigitalmx.com\/wp-content\/uploads\/2022\/03\/FB_IMG_1647303924666-1024x683.jpg\" alt=\"\" class=\"wp-image-72820\" srcset=\"https:\/\/diariodigitalmx.com\/wp-content\/uploads\/2022\/03\/FB_IMG_1647303924666-1024x683.jpg 1024w, https:\/\/diariodigitalmx.com\/wp-content\/uploads\/2022\/03\/FB_IMG_1647303924666-300x200.jpg 300w, https:\/\/diariodigitalmx.com\/wp-content\/uploads\/2022\/03\/FB_IMG_1647303924666-768x512.jpg 768w, https:\/\/diariodigitalmx.com\/wp-content\/uploads\/2022\/03\/FB_IMG_1647303924666.jpg 1080w\" sizes=\"(max-width: 1024px) 100vw, 1024px\" \/><\/figure>\n\n\n\n<p>&#8220;Este es un llamado urgente. Todos nosotros, habitantes y turistas, tenemos una responsabilidad enorme, hagamos lo posible por cuidar nuestro entorno. Esta vez la historia podr\u00eda ser diferente, por favor, respeta las indicaciones de Protecci\u00f3n Civil&#8221;, clam\u00f3 el edil De La Pe\u00f1a.<\/p>\n\n\n\n<figure class=\"wp-block-image size-large\"><img loading=\"lazy\" decoding=\"async\" width=\"1024\" height=\"683\" src=\"http:\/\/diariodigitalmx.com\/wp-content\/uploads\/2022\/03\/FB_IMG_1647303915277-1-1024x683.jpg\" alt=\"\" class=\"wp-image-72824\" srcset=\"https:\/\/diariodigitalmx.com\/wp-content\/uploads\/2022\/03\/FB_IMG_1647303915277-1-1024x683.jpg 1024w, https:\/\/diariodigitalmx.com\/wp-content\/uploads\/2022\/03\/FB_IMG_1647303915277-1-300x200.jpg 300w, https:\/\/diariodigitalmx.com\/wp-content\/uploads\/2022\/03\/FB_IMG_1647303915277-1-768x512.jpg 768w, https:\/\/diariodigitalmx.com\/wp-content\/uploads\/2022\/03\/FB_IMG_1647303915277-1.jpg 1080w\" sizes=\"(max-width: 1024px) 100vw, 1024px\" \/><\/figure>\n\n\n\n<p>En marzo de 2021 un incendio en la Sierra de Arteaga, Coahuila, se extendi\u00f3 a la Sierra de Santiago, en Nuevo Le\u00f3n durante 13 d\u00edas y consumi\u00f3 unas 30 mil hect\u00e1reas de bosques entre ambas entidades.&nbsp;<\/p>\n\n\n\n<p><\/p>\n","protected":false},"excerpt":{"rendered":"<p>Walter Elizondo&nbsp; *En marzo de 2021 el fuego consumi\u00f3 unas 15 mil hect\u00e1reas&nbsp; Santiago -La Sierra de Santiago nuevamente tiene un incendio forestal que inici\u00f3 en esa amplia zona boscosa del municipio de Santiago.&nbsp; El fuego se registra en el \u00e1rea conocida como Las Adjuntas, hasta donde han llegado grupos de trabajo de diversas instituciones [&hellip;]<\/p>\n","protected":false},"author":1,"featured_media":72816,"comment_status":"open","ping_status":"open","sticky":true,"template":"","format":"standard","meta":{"footnotes":""},"categories":[14,6],"tags":[],"_links":{"self":[{"href":"https:\/\/diariodigitalmx.com\/index.php\/wp-json\/wp\/v2\/posts\/72814"}],"collection":[{"href":"https:\/\/diariodigitalmx.com\/index.php\/wp-json\/wp\/v2\/posts"}],"about":[{"href":"https:\/\/diariodigitalmx.com\/index.php\/wp-json\/wp\/v2\/types\/post"}],"author":[{"embeddable":true,"href":"https:\/\/diariodigitalmx.com\/index.php\/wp-json\/wp\/v2\/users\/1"}],"replies":[{"embeddable":true,"href":"https:\/\/diariodigitalmx.com\/index.php\/wp-json\/wp\/v2\/comments?post=72814"}],"version-history":[{"count":6,"href":"https:\/\/diariodigitalmx.com\/index.php\/wp-json\/wp\/v2\/posts\/72814\/revisions"}],"predecessor-version":[{"id":72825,"href":"https:\/\/diariodigitalmx.com\/index.php\/wp-json\/wp\/v2\/posts\/72814\/revisions\/72825"}],"wp:featuredmedia":[{"embeddable":true,"href":"https:\/\/diariodigitalmx.com\/index.php\/wp-json\/wp\/v2\/media\/72816"}],"wp:attachment":[{"href":"https:\/\/diariodigitalmx.com\/index.php\/wp-json\/wp\/v2\/media?parent=72814"}],"wp:term":[{"taxonomy":"category","embeddable":true,"href":"https:\/\/diariodigitalmx.com\/index.php\/wp-json\/wp\/v2\/categories?post=72814"},{"taxonomy":"post_tag","embeddable":true,"href":"https:\/\/diariodigitalmx.com\/index.php\/wp-json\/wp\/v2\/tags?post=72814"}],"curies":[{"name":"wp","href":"https:\/\/api.w.org\/{rel}","templated":true}]}}