{"id":72826,"date":"2022-03-14T19:43:46","date_gmt":"2022-03-15T01:43:46","guid":{"rendered":"http:\/\/diariodigitalmx.com\/?p=72826"},"modified":"2022-03-14T19:47:37","modified_gmt":"2022-03-15T01:47:37","slug":"capturan-a-juan-gerardo-n-el-huevo-presunto-lider-del-cartel-del-noreste-se-desata-violencia-en-nuevo-laredo-tamaulipas","status":"publish","type":"post","link":"https:\/\/diariodigitalmx.com\/index.php\/2022\/03\/14\/capturan-a-juan-gerardo-n-el-huevo-presunto-lider-del-cartel-del-noreste-se-desata-violencia-en-nuevo-laredo-tamaulipas\/","title":{"rendered":"Capturan a Juan Gerardo &#8220;N&#8221;, &#8220;El Huevo&#8221;, presunto l\u00edder del C\u00e1rtel del Noreste; se desata violencia en Nuevo Laredo, Tamaulipas"},"content":{"rendered":"\n<figure class=\"wp-block-embed is-type-rich is-provider-twitter wp-block-embed-twitter\"><div class=\"wp-block-embed__wrapper\">\nhttps:\/\/twitter.com\/i\/status\/1503453102283833346\n<\/div><\/figure>\n\n\n\n<p><\/p>\n\n\n\n<p>Arnoldo Garc\u00eda&nbsp;<\/p>\n\n\n\n<p>Cd. Victoria, Tamps- En el comunicado de la Secretar\u00eda de la Defensa Nacional (Sedena) se establece que la captura se desarroll\u00f3 el domingo 13 de marzo.<\/p>\n\n\n\n<p>La Sedena inform\u00f3 que personal militar realizaba reconocimientos terrestres en la colonia Hidalgo, de Nuevo Laredo, cuando fueron agredidos por sujetos armados, logrando detener e identificar a Juan Gerardo &#8220;N,&#8221; quien ten\u00eda dos armas de uso exclusivo del Ej\u00e9rcito y Fuerza A\u00e9rea Mexicanos.<\/p>\n\n\n\n<figure class=\"wp-block-image size-large\"><img loading=\"lazy\" decoding=\"async\" width=\"764\" height=\"1024\" src=\"http:\/\/diariodigitalmx.com\/wp-content\/uploads\/2022\/03\/Screenshot_20220314_194106_com.android.chrome2-764x1024.jpg\" alt=\"\" class=\"wp-image-72829\" srcset=\"https:\/\/diariodigitalmx.com\/wp-content\/uploads\/2022\/03\/Screenshot_20220314_194106_com.android.chrome2-764x1024.jpg 764w, https:\/\/diariodigitalmx.com\/wp-content\/uploads\/2022\/03\/Screenshot_20220314_194106_com.android.chrome2-224x300.jpg 224w, https:\/\/diariodigitalmx.com\/wp-content\/uploads\/2022\/03\/Screenshot_20220314_194106_com.android.chrome2-768x1029.jpg 768w, https:\/\/diariodigitalmx.com\/wp-content\/uploads\/2022\/03\/Screenshot_20220314_194106_com.android.chrome2.jpg 978w\" sizes=\"(max-width: 764px) 100vw, 764px\" \/><\/figure>\n\n\n\n<p>&#8220;El Huevo&#8221; cuenta con tres \u00f3rdenes de aprehensi\u00f3n: una en Tamaulipas por extorsi\u00f3n y asociaci\u00f3n delictuosa, y otra en Coahuila por homicidio doloso y terrorismo; una m\u00e1s con fines de extradici\u00f3n por conspiraci\u00f3n por tr\u00e1fico de drogas y lavado de dinero.<\/p>\n\n\n\n<p>El informe del gobierno federal establece que se trata de quien lideraba el C\u00e1rtel del Noreste y del grupo de sicarios denominado &#8220;Tropas del Infierno&#8221;.<\/p>\n\n\n\n<p>Se precisa que este grupo delincuencial hered\u00f3 los procedimientos violentos de &#8220;Los Zetas&#8221;, provocando el terror y la violencia por lo menos en cinco entidades, incluida toda la frontera de Tamaulipas.<\/p>\n\n\n\n<p>Juan Gerardo &#8220;N&#8221; fue trasladado a las instalaciones de la Fiscal\u00eda Especializada en Materia de Delincuencia Organizada (FEMDO) para ser puesto a disposici\u00f3n del Agente del Ministerio P\u00fablico Federal y determinar su situaci\u00f3n jur\u00eddica.<\/p>\n\n\n\n<p>ATACAN CUARTEL MILITAR Y CONSULADO DE EU<\/p>\n\n\n\n<p>Balaceras, ataques al Cuartel Militar y el Consulado de Estados Unidos,&nbsp; autos y tr\u00e1ileres fueron incendiados para efectuar los bloqueos de avenidas, los puentes internacionales uno y dos fueron cerrados, la madrugada de este lunes, en Nuevo Laredo, en represalia por la presunta detenci\u00f3n de uno de los altos mandos del c\u00e1rtel del Noreste.<\/p>\n","protected":false},"excerpt":{"rendered":"<p>Arnoldo Garc\u00eda&nbsp; Cd. Victoria, Tamps- En el comunicado de la Secretar\u00eda de la Defensa Nacional (Sedena) se establece que la captura se desarroll\u00f3 el domingo 13 de marzo. La Sedena inform\u00f3 que personal militar realizaba reconocimientos terrestres en la colonia Hidalgo, de Nuevo Laredo, cuando fueron agredidos por sujetos armados, logrando detener e identificar a [&hellip;]<\/p>\n","protected":false},"author":1,"featured_media":72828,"comment_status":"open","ping_status":"open","sticky":true,"template":"","format":"standard","meta":{"footnotes":""},"categories":[3,19],"tags":[],"_links":{"self":[{"href":"https:\/\/diariodigitalmx.com\/index.php\/wp-json\/wp\/v2\/posts\/72826"}],"collection":[{"href":"https:\/\/diariodigitalmx.com\/index.php\/wp-json\/wp\/v2\/posts"}],"about":[{"href":"https:\/\/diariodigitalmx.com\/index.php\/wp-json\/wp\/v2\/types\/post"}],"author":[{"embeddable":true,"href":"https:\/\/diariodigitalmx.com\/index.php\/wp-json\/wp\/v2\/users\/1"}],"replies":[{"embeddable":true,"href":"https:\/\/diariodigitalmx.com\/index.php\/wp-json\/wp\/v2\/comments?post=72826"}],"version-history":[{"count":3,"href":"https:\/\/diariodigitalmx.com\/index.php\/wp-json\/wp\/v2\/posts\/72826\/revisions"}],"predecessor-version":[{"id":72831,"href":"https:\/\/diariodigitalmx.com\/index.php\/wp-json\/wp\/v2\/posts\/72826\/revisions\/72831"}],"wp:featuredmedia":[{"embeddable":true,"href":"https:\/\/diariodigitalmx.com\/index.php\/wp-json\/wp\/v2\/media\/72828"}],"wp:attachment":[{"href":"https:\/\/diariodigitalmx.com\/index.php\/wp-json\/wp\/v2\/media?parent=72826"}],"wp:term":[{"taxonomy":"category","embeddable":true,"href":"https:\/\/diariodigitalmx.com\/index.php\/wp-json\/wp\/v2\/categories?post=72826"},{"taxonomy":"post_tag","embeddable":true,"href":"https:\/\/diariodigitalmx.com\/index.php\/wp-json\/wp\/v2\/tags?post=72826"}],"curies":[{"name":"wp","href":"https:\/\/api.w.org\/{rel}","templated":true}]}}