{"id":72865,"date":"2022-03-15T14:55:23","date_gmt":"2022-03-15T20:55:23","guid":{"rendered":"http:\/\/diariodigitalmx.com\/?p=72865"},"modified":"2022-03-15T17:57:03","modified_gmt":"2022-03-15T23:57:03","slug":"72865","status":"publish","type":"post","link":"https:\/\/diariodigitalmx.com\/index.php\/2022\/03\/15\/72865\/","title":{"rendered":"Los carniceros de hoy, las reses del ma\u00f1ana; de Medina al Bronco"},"content":{"rendered":"\n<p>Walter Elizondo <\/p>\n\n\n\n<p>Monterrey &#8211;&nbsp;Dice el refr\u00e1n: los carniceros de hoy, ser\u00e1n las reses del ma\u00f1ana <\/p>\n\n\n\n<p>En enero de 2017, El Bronco encarcel\u00f3 por 19 horas a su antecesor Rodrigo Medina; hoy Samuel Garc\u00eda, lleva a prisi\u00f3n a Jaime Rodr\u00edguez Calder\u00f3n.&nbsp;<\/p>\n\n\n\n<p>Medina estuvo en el ahora extinto penal del Topo Chico, y sali\u00f3 luego de que una Juez determin\u00f3 que se hab\u00eda volado un amparo contra la detenci\u00f3n que promovi\u00f3 el ex gobernador.&nbsp;<\/p>\n\n\n\n<p>El ex Gobernador entr\u00f3 a Topo Chico la madrugada del jueves 26 de enero de 2017, luego sali\u00f3 19 horas despu\u00e9s no sin antes ser exhibido con el uniforme naranja de los presidiarios, cuya foto fue difundida por el gobierno del Bronco, quien hab\u00eda iniciado la Operaci\u00f3n Tornado que persegu\u00eda a los corruptos de sus antecesores.<\/p>\n\n\n\n<figure class=\"wp-block-image size-large\"><img loading=\"lazy\" decoding=\"async\" width=\"720\" height=\"775\" src=\"http:\/\/diariodigitalmx.com\/wp-content\/uploads\/2022\/03\/IMG-20220315-WA0012.jpg\" alt=\"\" class=\"wp-image-72872\" srcset=\"https:\/\/diariodigitalmx.com\/wp-content\/uploads\/2022\/03\/IMG-20220315-WA0012.jpg 720w, https:\/\/diariodigitalmx.com\/wp-content\/uploads\/2022\/03\/IMG-20220315-WA0012-279x300.jpg 279w\" sizes=\"(max-width: 720px) 100vw, 720px\" \/><\/figure>\n\n\n\n<p>El juzgado Quinto de Distrito en Materia Penal del estado de Nuevo Le\u00f3n, orden\u00f3 la inmediata libertad de Rodrigo Medina, al determinar que se viol\u00f3 el amparo federal 39\/2017.<\/p>\n\n\n\n<p>Hab\u00eda sido internado tras que un juez de Control le dictara prisi\u00f3n preventiva por 30 d\u00edas.&nbsp;<\/p>\n\n\n\n<p>La llamada Operaci\u00f3n Tornado no prosper\u00f3 y qued\u00f3 en el olvido.&nbsp;<\/p>\n\n\n\n<p>YO SOLITO ME ENTREGO<\/p>\n\n\n\n<p>Durante la toma de posesi\u00f3n de Alcalde de Monterrey de Luis Donaldo Colosio, el entonces gobernador Jaime Rodr\u00edguez Calder\u00f3n durante su saludo a los asistentes, duela su lenguaje folcl\u00f3rico dijo al referirse a los Fiscales asistentes al evento: &#8220;Tres Fiscales tenemos aqu\u00ed. No me vayan a andar buscando eh yo solito me entrego&#8221;.<\/p>\n\n\n\n<p>&#8220;R\u00edndete Juan Menchaca \u00bfo no? como dice la canci\u00f3n&#8221;, se\u00f1al\u00f3 entre risas de los invitados ese 30 de septiembre del 2021.<\/p>\n\n\n\n<p>Ahora Jaime Rodr\u00edguez Calder\u00f3n es detenido por el asunto de las firmas para su candidatura a la presidencia de la Rep\u00fablica en 2018, y en donde utiliz\u00f3 a m\u00e1s de 500 bur\u00f3cratas y dinero del Estado.&nbsp;<\/p>\n\n\n\n<p>Fue llevado al Cereso 2 de Apodaca tras ser detenido en el municipio de General Ter\u00e1n cuando circulaba por una carretera.&nbsp;<\/p>\n","protected":false},"excerpt":{"rendered":"<p>Walter Elizondo Monterrey &#8211;&nbsp;Dice el refr\u00e1n: los carniceros de hoy, ser\u00e1n las reses del ma\u00f1ana En enero de 2017, El Bronco encarcel\u00f3 por 19 horas a su antecesor Rodrigo Medina; hoy Samuel Garc\u00eda, lleva a prisi\u00f3n a Jaime Rodr\u00edguez Calder\u00f3n.&nbsp; Medina estuvo en el ahora extinto penal del Topo Chico, y sali\u00f3 luego de que [&hellip;]<\/p>\n","protected":false},"author":1,"featured_media":72896,"comment_status":"open","ping_status":"open","sticky":true,"template":"","format":"standard","meta":{"footnotes":""},"categories":[6,3],"tags":[],"_links":{"self":[{"href":"https:\/\/diariodigitalmx.com\/index.php\/wp-json\/wp\/v2\/posts\/72865"}],"collection":[{"href":"https:\/\/diariodigitalmx.com\/index.php\/wp-json\/wp\/v2\/posts"}],"about":[{"href":"https:\/\/diariodigitalmx.com\/index.php\/wp-json\/wp\/v2\/types\/post"}],"author":[{"embeddable":true,"href":"https:\/\/diariodigitalmx.com\/index.php\/wp-json\/wp\/v2\/users\/1"}],"replies":[{"embeddable":true,"href":"https:\/\/diariodigitalmx.com\/index.php\/wp-json\/wp\/v2\/comments?post=72865"}],"version-history":[{"count":5,"href":"https:\/\/diariodigitalmx.com\/index.php\/wp-json\/wp\/v2\/posts\/72865\/revisions"}],"predecessor-version":[{"id":72873,"href":"https:\/\/diariodigitalmx.com\/index.php\/wp-json\/wp\/v2\/posts\/72865\/revisions\/72873"}],"wp:featuredmedia":[{"embeddable":true,"href":"https:\/\/diariodigitalmx.com\/index.php\/wp-json\/wp\/v2\/media\/72896"}],"wp:attachment":[{"href":"https:\/\/diariodigitalmx.com\/index.php\/wp-json\/wp\/v2\/media?parent=72865"}],"wp:term":[{"taxonomy":"category","embeddable":true,"href":"https:\/\/diariodigitalmx.com\/index.php\/wp-json\/wp\/v2\/categories?post=72865"},{"taxonomy":"post_tag","embeddable":true,"href":"https:\/\/diariodigitalmx.com\/index.php\/wp-json\/wp\/v2\/tags?post=72865"}],"curies":[{"name":"wp","href":"https:\/\/api.w.org\/{rel}","templated":true}]}}