{"id":72874,"date":"2022-03-15T17:29:34","date_gmt":"2022-03-15T23:29:34","guid":{"rendered":"http:\/\/diariodigitalmx.com\/?p=72874"},"modified":"2022-03-15T17:31:27","modified_gmt":"2022-03-15T23:31:27","slug":"ingresa-al-penal-el-bronco-piden-diputados-no-salga","status":"publish","type":"post","link":"https:\/\/diariodigitalmx.com\/index.php\/2022\/03\/15\/ingresa-al-penal-el-bronco-piden-diputados-no-salga\/","title":{"rendered":"Ingresa al Penal El Bronco; piden diputados no salga"},"content":{"rendered":"\n<p>Walter&nbsp;Elizondo <\/p>\n\n\n\n<p>Monterrey -Jaime Rodr\u00edguez &#8220;El Bronco&#8221;, estar\u00e1&nbsp; resguardado en un penal estatal hasta que un Juez decida su situaci\u00f3n jur\u00eddica, por presuntos delitos electorales.&nbsp;<\/p>\n\n\n\n<p>La Fiscal\u00eda Especializada en Delitos Electorales inform\u00f3 que se dio cumplimiento a una orden de aprehensi\u00f3n en contra de Jaime Helidoro &#8220;N&#8221;, dictada por un Juez de Control y de Juicio Oral del Estado, por su probable participaci\u00f3n en hechos con caracter\u00edsticas de delitos electorales.<\/p>\n\n\n\n<p>El ordenamiento judicial fue cumplimentado por la Fiscal\u00eda Especializada en Delitos Electorales con apoyo operativo de personal de la Agencia Estatal de Investigaciones, en coordinaci\u00f3n con oficiales de Fuerza Civil.&#8221;, explic\u00f3 la dependencia.<\/p>\n\n\n\n<figure class=\"wp-block-image size-large\"><img loading=\"lazy\" decoding=\"async\" width=\"971\" height=\"554\" src=\"http:\/\/diariodigitalmx.com\/wp-content\/uploads\/2022\/03\/Screenshot_20220315_164953_com.android.chrome2.jpg\" alt=\"\" class=\"wp-image-72881\" srcset=\"https:\/\/diariodigitalmx.com\/wp-content\/uploads\/2022\/03\/Screenshot_20220315_164953_com.android.chrome2.jpg 971w, https:\/\/diariodigitalmx.com\/wp-content\/uploads\/2022\/03\/Screenshot_20220315_164953_com.android.chrome2-300x171.jpg 300w, https:\/\/diariodigitalmx.com\/wp-content\/uploads\/2022\/03\/Screenshot_20220315_164953_com.android.chrome2-768x438.jpg 768w\" sizes=\"(max-width: 971px) 100vw, 971px\" \/><\/figure>\n\n\n\n<p>&#8220;Permanecer\u00e1 en resguardo en un centro de reinserci\u00f3n social estatal a disposici\u00f3n de un juez de control que resolver\u00e1 su situaci\u00f3n jur\u00eddica. Se continuar\u00e1 con las etapas procesales, respetando en todo momento el debido proceso y los derechos humanos establecidos en la Constituci\u00f3n y dem\u00e1s ordenamientos legales, a\u00f1adi\u00f3.\u00a0<\/p>\n\n\n\n<p>El primer gobernador independiente (2015-2021) fue detenido cuando circulaba por una carretera tras salir de un rancho en el municipio de General Ter\u00e1n, unos 90 kil\u00f3metros al sur de Monterrey. Posteriormente fue trasladado al Cereso 2 de Apodaca, al norte de la zona metropolitana.<\/p>\n\n\n\n<figure class=\"wp-block-image size-large\"><img loading=\"lazy\" decoding=\"async\" width=\"657\" height=\"402\" src=\"http:\/\/diariodigitalmx.com\/wp-content\/uploads\/2022\/03\/IMG-20220315-WA0031.jpg\" alt=\"\" class=\"wp-image-72878\" srcset=\"https:\/\/diariodigitalmx.com\/wp-content\/uploads\/2022\/03\/IMG-20220315-WA0031.jpg 657w, https:\/\/diariodigitalmx.com\/wp-content\/uploads\/2022\/03\/IMG-20220315-WA0031-300x184.jpg 300w\" sizes=\"(max-width: 657px) 100vw, 657px\" \/><\/figure>\n\n\n\n<p>Al filo de las 15:45 horas fue ingresado al Penal 2 de Apodaca a bordo de un Charger blanco con placas SSL126A, escoltado por otra unidad similar y dos granaderas de Fuerza Civil. Previamente hab\u00eda estado en la Agencia Estatal de Investigaciones donde lleg\u00f3 a las 13:40 tras su detenci\u00f3n.&nbsp;<\/p>\n\n\n\n<p>Cuando era Senador, Samuel Garc\u00eda y la entonces diputada local Mariela Sald\u00edvar denunciaron penalmente a Rodr\u00edguez Calder\u00f3n por&nbsp; desv\u00edo de recursos al utilizar m\u00e1s de 500 bur\u00f3cratas estatales para recolectar firmas para el registro del Bronco como candidato a la presidencia de la Rep\u00fablica en 2018.<\/p>\n\n\n\n<p>La Sala Superior del Tribunal Electoral del Poder Judicial de la Federaci\u00f3n les dio la raz\u00f3n al confirmar los desv\u00edos de recursos en que incurri\u00f3 Rodr\u00edguez Calder\u00f3n y su entonces secretario general de Gobierno, Manuel Gonz\u00e1lez.&nbsp;<\/p>\n\n\n\n<p>En esa ocasi\u00f3n, se orden\u00f3 al Congreso de Nuevo Le\u00f3n que aplicar\u00e1 las sanciones necesarias por utilizar&nbsp; 572 funcionarios para recolectar firmas para la candidatura independiente del mandatario.&nbsp;<\/p>\n\n\n\n<p>Las sanciones fueron votadas por la&nbsp; mayor\u00eda de los legisladores quienes apoyaron aplicar una sanci\u00f3n directa, en lugar de un juicio pol\u00edtico.<\/p>\n\n\n\n<p>Por estos hechos fueron cesados del gobierno 11 servidores p\u00fablicos, un director, una coordinadora de \u00c1rea, tres agentes del Ministerio P\u00fablico, dos agentes ministeriales, un perito, un auxiliar de investigaci\u00f3n y un asistente.&nbsp;<\/p>\n\n\n\n<p>El gobernador Samuel Garc\u00eda fij\u00f3 su postura, aunque sin citar el nombre de su antecesor: &#8220;Somos un gobierno incorruptible, quien la hizo la paga. Qui\u00e9n rob\u00f3, o desvi\u00f3 recursos p\u00fablicos a sus amigos, a sus sobrinos, a sus favoritos, o a campa\u00f1as van a ir a la c\u00e1rcel&#8221;, dijo.<\/p>\n\n\n\n<p>En el Congreso Local, los diputados de todos los partidos coincidieron en que debe integrarse muy bien la carpeta para evitar que se les caiga y salga libre Rodr\u00edguez Calder\u00f3n.&nbsp;<\/p>\n","protected":false},"excerpt":{"rendered":"<p>Walter&nbsp;Elizondo Monterrey -Jaime Rodr\u00edguez &#8220;El Bronco&#8221;, estar\u00e1&nbsp; resguardado en un penal estatal hasta que un Juez decida su situaci\u00f3n jur\u00eddica, por presuntos delitos electorales.&nbsp; La Fiscal\u00eda Especializada en Delitos Electorales inform\u00f3 que se dio cumplimiento a una orden de aprehensi\u00f3n en contra de Jaime Helidoro &#8220;N&#8221;, dictada por un Juez de Control y de Juicio [&hellip;]<\/p>\n","protected":false},"author":1,"featured_media":72876,"comment_status":"open","ping_status":"open","sticky":true,"template":"","format":"standard","meta":{"footnotes":""},"categories":[6,3],"tags":[],"_links":{"self":[{"href":"https:\/\/diariodigitalmx.com\/index.php\/wp-json\/wp\/v2\/posts\/72874"}],"collection":[{"href":"https:\/\/diariodigitalmx.com\/index.php\/wp-json\/wp\/v2\/posts"}],"about":[{"href":"https:\/\/diariodigitalmx.com\/index.php\/wp-json\/wp\/v2\/types\/post"}],"author":[{"embeddable":true,"href":"https:\/\/diariodigitalmx.com\/index.php\/wp-json\/wp\/v2\/users\/1"}],"replies":[{"embeddable":true,"href":"https:\/\/diariodigitalmx.com\/index.php\/wp-json\/wp\/v2\/comments?post=72874"}],"version-history":[{"count":4,"href":"https:\/\/diariodigitalmx.com\/index.php\/wp-json\/wp\/v2\/posts\/72874\/revisions"}],"predecessor-version":[{"id":72882,"href":"https:\/\/diariodigitalmx.com\/index.php\/wp-json\/wp\/v2\/posts\/72874\/revisions\/72882"}],"wp:featuredmedia":[{"embeddable":true,"href":"https:\/\/diariodigitalmx.com\/index.php\/wp-json\/wp\/v2\/media\/72876"}],"wp:attachment":[{"href":"https:\/\/diariodigitalmx.com\/index.php\/wp-json\/wp\/v2\/media?parent=72874"}],"wp:term":[{"taxonomy":"category","embeddable":true,"href":"https:\/\/diariodigitalmx.com\/index.php\/wp-json\/wp\/v2\/categories?post=72874"},{"taxonomy":"post_tag","embeddable":true,"href":"https:\/\/diariodigitalmx.com\/index.php\/wp-json\/wp\/v2\/tags?post=72874"}],"curies":[{"name":"wp","href":"https:\/\/api.w.org\/{rel}","templated":true}]}}