{"id":72883,"date":"2022-03-15T17:43:43","date_gmt":"2022-03-15T23:43:43","guid":{"rendered":"http:\/\/diariodigitalmx.com\/?p=72883"},"modified":"2022-03-15T17:46:38","modified_gmt":"2022-03-15T23:46:38","slug":"en-escobedo-se-protege-a-las-mujeres-se-tienen-programas-de-apoyo-y-brigadas","status":"publish","type":"post","link":"https:\/\/diariodigitalmx.com\/index.php\/2022\/03\/15\/en-escobedo-se-protege-a-las-mujeres-se-tienen-programas-de-apoyo-y-brigadas\/","title":{"rendered":"En Escobedo se protege a las mujeres; se tienen programas de apoyo y brigadas"},"content":{"rendered":"\n<figure class=\"wp-block-video\"><video controls src=\"http:\/\/diariodigitalmx.com\/wp-content\/uploads\/2022\/03\/BRIGADA-SECRETARIA-DE-LA-MUJER-CON-EL-DIF-COLONIA-ALIANZA-REAL-MEDIOS-ASPECTOS-1.mp4\"><\/video><\/figure>\n\n\n\n<p>Para concientizar a las mujeres de que no est\u00e1n solas y se encuentran a su disposici\u00f3n diversos programas de protecci\u00f3n y apoyo, el Municipio de Escobedo realiz\u00f3 una macro brigada en la zona de la Alianza.<\/p>\n\n\n\n<figure class=\"wp-block-image size-large\"><img loading=\"lazy\" decoding=\"async\" width=\"1024\" height=\"683\" src=\"http:\/\/diariodigitalmx.com\/wp-content\/uploads\/2022\/03\/IMG_4730-1024x683.jpg\" alt=\"\" class=\"wp-image-72888\" srcset=\"https:\/\/diariodigitalmx.com\/wp-content\/uploads\/2022\/03\/IMG_4730-1024x683.jpg 1024w, https:\/\/diariodigitalmx.com\/wp-content\/uploads\/2022\/03\/IMG_4730-300x200.jpg 300w, https:\/\/diariodigitalmx.com\/wp-content\/uploads\/2022\/03\/IMG_4730-768x512.jpg 768w, https:\/\/diariodigitalmx.com\/wp-content\/uploads\/2022\/03\/IMG_4730-1536x1024.jpg 1536w, https:\/\/diariodigitalmx.com\/wp-content\/uploads\/2022\/03\/IMG_4730-2048x1365.jpg 2048w\" sizes=\"(max-width: 1024px) 100vw, 1024px\" \/><\/figure>\n\n\n\n<p>Fue en las instalaciones del CALLI La Alianza, donde se promovieron los servicios que ofrece la Secretar\u00eda de la Mujer y el DIF de Escobedo, as\u00ed como el Gobierno del Estado.<\/p>\n\n\n\n<p>Mediante diferentes expositores, se invit\u00f3 a la comunidad a los programas e instancias de apoyo psicol\u00f3gico, jur\u00eddico y social. Asimismo, a las iniciativas de protecci\u00f3n para mujeres violentadas.<\/p>\n\n\n\n<figure class=\"wp-block-image size-large\"><img loading=\"lazy\" decoding=\"async\" width=\"1024\" height=\"683\" src=\"http:\/\/diariodigitalmx.com\/wp-content\/uploads\/2022\/03\/IMG_4815-1024x683.jpg\" alt=\"\" class=\"wp-image-72886\" srcset=\"https:\/\/diariodigitalmx.com\/wp-content\/uploads\/2022\/03\/IMG_4815-1024x683.jpg 1024w, https:\/\/diariodigitalmx.com\/wp-content\/uploads\/2022\/03\/IMG_4815-300x200.jpg 300w, https:\/\/diariodigitalmx.com\/wp-content\/uploads\/2022\/03\/IMG_4815-768x512.jpg 768w, https:\/\/diariodigitalmx.com\/wp-content\/uploads\/2022\/03\/IMG_4815-1536x1024.jpg 1536w, https:\/\/diariodigitalmx.com\/wp-content\/uploads\/2022\/03\/IMG_4815-2048x1365.jpg 2048w\" sizes=\"(max-width: 1024px) 100vw, 1024px\" \/><\/figure>\n\n\n\n<p>Se promovieron Puerta Violeta, el Calli, el programa MIA, entre otras, y se llevaron a cabo pl\u00e1ticas sobre la prevenci\u00f3n de la violencia familiar y de g\u00e9nero.<\/p>\n\n\n\n<figure class=\"wp-block-image size-large\"><img loading=\"lazy\" decoding=\"async\" width=\"1024\" height=\"683\" src=\"http:\/\/diariodigitalmx.com\/wp-content\/uploads\/2022\/03\/IMG_4730-1-1024x683.jpg\" alt=\"\" class=\"wp-image-72891\" srcset=\"https:\/\/diariodigitalmx.com\/wp-content\/uploads\/2022\/03\/IMG_4730-1-1024x683.jpg 1024w, https:\/\/diariodigitalmx.com\/wp-content\/uploads\/2022\/03\/IMG_4730-1-300x200.jpg 300w, https:\/\/diariodigitalmx.com\/wp-content\/uploads\/2022\/03\/IMG_4730-1-768x512.jpg 768w, https:\/\/diariodigitalmx.com\/wp-content\/uploads\/2022\/03\/IMG_4730-1-1536x1024.jpg 1536w, https:\/\/diariodigitalmx.com\/wp-content\/uploads\/2022\/03\/IMG_4730-1-2048x1365.jpg 2048w\" sizes=\"(max-width: 1024px) 100vw, 1024px\" \/><\/figure>\n\n\n\n<p>En el lugar, tambi\u00e9n se brindaron servicios de salud, pues se completaron esquemas de vacunaci\u00f3n en ni\u00f1os y se inocularon a menores y adultos contra el sarampi\u00f3n y la rub\u00e9ola. Adem\u00e1s, se facilitaron mamograf\u00edas.<\/p>\n\n\n\n<p>Igualmente, se ofrecieron cortes de cabello y ex\u00e1menes de la vista para toda la familia, y se instal\u00f3 un m\u00f3dulo del Registro Civil que acerc\u00f3 diversos tr\u00e1mites a los habitantes de la zona.<\/p>\n","protected":false},"excerpt":{"rendered":"<p>Para concientizar a las mujeres de que no est\u00e1n solas y se encuentran a su disposici\u00f3n diversos programas de protecci\u00f3n y apoyo, el Municipio de Escobedo realiz\u00f3 una macro brigada en la zona de la Alianza. Fue en las instalaciones del CALLI La Alianza, donde se promovieron los servicios que ofrece la Secretar\u00eda de la [&hellip;]<\/p>\n","protected":false},"author":1,"featured_media":72885,"comment_status":"open","ping_status":"open","sticky":true,"template":"","format":"standard","meta":{"footnotes":""},"categories":[14,6],"tags":[],"_links":{"self":[{"href":"https:\/\/diariodigitalmx.com\/index.php\/wp-json\/wp\/v2\/posts\/72883"}],"collection":[{"href":"https:\/\/diariodigitalmx.com\/index.php\/wp-json\/wp\/v2\/posts"}],"about":[{"href":"https:\/\/diariodigitalmx.com\/index.php\/wp-json\/wp\/v2\/types\/post"}],"author":[{"embeddable":true,"href":"https:\/\/diariodigitalmx.com\/index.php\/wp-json\/wp\/v2\/users\/1"}],"replies":[{"embeddable":true,"href":"https:\/\/diariodigitalmx.com\/index.php\/wp-json\/wp\/v2\/comments?post=72883"}],"version-history":[{"count":5,"href":"https:\/\/diariodigitalmx.com\/index.php\/wp-json\/wp\/v2\/posts\/72883\/revisions"}],"predecessor-version":[{"id":72895,"href":"https:\/\/diariodigitalmx.com\/index.php\/wp-json\/wp\/v2\/posts\/72883\/revisions\/72895"}],"wp:featuredmedia":[{"embeddable":true,"href":"https:\/\/diariodigitalmx.com\/index.php\/wp-json\/wp\/v2\/media\/72885"}],"wp:attachment":[{"href":"https:\/\/diariodigitalmx.com\/index.php\/wp-json\/wp\/v2\/media?parent=72883"}],"wp:term":[{"taxonomy":"category","embeddable":true,"href":"https:\/\/diariodigitalmx.com\/index.php\/wp-json\/wp\/v2\/categories?post=72883"},{"taxonomy":"post_tag","embeddable":true,"href":"https:\/\/diariodigitalmx.com\/index.php\/wp-json\/wp\/v2\/tags?post=72883"}],"curies":[{"name":"wp","href":"https:\/\/api.w.org\/{rel}","templated":true}]}}