{"id":72907,"date":"2022-03-15T22:14:27","date_gmt":"2022-03-16T04:14:27","guid":{"rendered":"http:\/\/diariodigitalmx.com\/?p=72907"},"modified":"2022-03-15T22:14:57","modified_gmt":"2022-03-16T04:14:57","slug":"farsa-o-cortina-de-humo","status":"publish","type":"post","link":"https:\/\/diariodigitalmx.com\/index.php\/2022\/03\/15\/farsa-o-cortina-de-humo\/","title":{"rendered":"Farsa o cortina de humo"},"content":{"rendered":"\n<p>Por Salvador Hern\u00e1ndez <strong><em>LANDEROS<\/em><\/strong><\/p>\n\n\n\n<p>M\u00e1s que como un acto de justicia y legalidad, <strong><em>la detenci\u00f3n del exgobernador Jaime Rodr\u00edguez Calder\u00f3n, la ciudadan\u00eda la aprecia como una farsa o cortina de humo<\/em><\/strong>.<\/p>\n\n\n\n<p><strong><em>El internar a \u201cEl Bronco\u201d en el penal de Apodaca lo perciben como una visita de entrada por salida y que, antes de cumplir 24 horas resguardado, saldr\u00eda libre hoy<\/em><\/strong>.&nbsp;<\/p>\n\n\n\n<p>Si Rodr\u00edguez Calder\u00f3n abandona el reclusorio este d\u00eda, <strong><em>la credibilidad de Samuel Garc\u00eda caer\u00e1 a niveles de alarma pues se le considerar\u00e1 como cortina de humo<\/em><\/strong>.<\/p>\n\n\n\n<p>Se dir\u00e1 que fue una acci\u00f3n <strong><em>para distraer posibles protestas que se podr\u00edan dar por un incremento a las tarifas del transporte urbano, o los recortes del agua<\/em><\/strong>.<\/p>\n\n\n\n<p>Pero no s\u00f3lo son los recortes al agua<strong><em>, aunque Samuel asegur\u00f3 que no los habr\u00eda<\/em><\/strong>, est\u00e1 la inseguridad y la falta de recursos financieros para iniciar alguna obra prometida.<\/p>\n\n\n\n<p><strong><em>Lo actual lo relacionan con lo que sucedi\u00f3 hace seis a\u00f1os, cuando el ex gobernador Rodrigo Medina de la Cruz, fue internado menos de 24 horas en el Topo Chico<\/em><\/strong>.<\/p>\n\n\n\n<p>En ese entonces, Rodr\u00edguez Calder\u00f3n y Manuel Gonz\u00e1lez <strong><em>hicieron alarde al exhibir a Medina de la Cruz, con todo y su uniforme color naranja y la consabida ficha.<\/em><\/strong><\/p>\n\n\n\n<p>Esta vez, Jaime Rodr\u00edguez es aprehendido en un rancho de General Ter\u00e1n y trasladado al penal acusado <strong><em>por haber utilizado recursos financieros para la obtenci\u00f3n de firmas.<\/em><\/strong><\/p>\n\n\n\n<p>Aunque <strong><em>no le colocaron el uniforme naranja<\/em><\/strong> (<strong><em>tal vez por ser el color de Movimiento Ciudadano<\/em><\/strong>), el ex gobernador pasar\u00eda la noche internado y hoy ser\u00e1 la audiencia inicial.<\/p>\n\n\n\n<p>\u201cEl Bronco\u201d puede quedar en libertad y<strong><em> su estancia ser\u00eda lo mismo que con Medina.<\/em><\/strong><\/p>\n\n\n\n<p><strong><em>Si el detenido hubiera sido Manuel Gonz\u00e1lez, tal vez la percepci\u00f3n ser\u00eda otra, porque igual que \u201cEl Bronco\u201d, fue acusado por Samuel Garc\u00eda.<\/em><\/strong><\/p>\n\n\n\n<p><strong><em>Aunque como dicen. \u201cEl hubiera, no existe<\/em><\/strong>\u201d.<\/p>\n\n\n\n<p><a href=\"mailto:chavalolanderos@yahoo.com.mx\">chavalolanderos@yahoo.com.mx<\/a>&nbsp;<\/p>\n","protected":false},"excerpt":{"rendered":"<p>Por Salvador Hern\u00e1ndez LANDEROS M\u00e1s que como un acto de justicia y legalidad, la detenci\u00f3n del exgobernador Jaime Rodr\u00edguez Calder\u00f3n, la ciudadan\u00eda la aprecia como una farsa o cortina de humo. El internar a \u201cEl Bronco\u201d en el penal de Apodaca lo perciben como una visita de entrada por salida y que, antes de cumplir [&hellip;]<\/p>\n","protected":false},"author":1,"featured_media":72909,"comment_status":"open","ping_status":"open","sticky":true,"template":"","format":"standard","meta":{"footnotes":""},"categories":[12,5],"tags":[],"_links":{"self":[{"href":"https:\/\/diariodigitalmx.com\/index.php\/wp-json\/wp\/v2\/posts\/72907"}],"collection":[{"href":"https:\/\/diariodigitalmx.com\/index.php\/wp-json\/wp\/v2\/posts"}],"about":[{"href":"https:\/\/diariodigitalmx.com\/index.php\/wp-json\/wp\/v2\/types\/post"}],"author":[{"embeddable":true,"href":"https:\/\/diariodigitalmx.com\/index.php\/wp-json\/wp\/v2\/users\/1"}],"replies":[{"embeddable":true,"href":"https:\/\/diariodigitalmx.com\/index.php\/wp-json\/wp\/v2\/comments?post=72907"}],"version-history":[{"count":1,"href":"https:\/\/diariodigitalmx.com\/index.php\/wp-json\/wp\/v2\/posts\/72907\/revisions"}],"predecessor-version":[{"id":72908,"href":"https:\/\/diariodigitalmx.com\/index.php\/wp-json\/wp\/v2\/posts\/72907\/revisions\/72908"}],"wp:featuredmedia":[{"embeddable":true,"href":"https:\/\/diariodigitalmx.com\/index.php\/wp-json\/wp\/v2\/media\/72909"}],"wp:attachment":[{"href":"https:\/\/diariodigitalmx.com\/index.php\/wp-json\/wp\/v2\/media?parent=72907"}],"wp:term":[{"taxonomy":"category","embeddable":true,"href":"https:\/\/diariodigitalmx.com\/index.php\/wp-json\/wp\/v2\/categories?post=72907"},{"taxonomy":"post_tag","embeddable":true,"href":"https:\/\/diariodigitalmx.com\/index.php\/wp-json\/wp\/v2\/tags?post=72907"}],"curies":[{"name":"wp","href":"https:\/\/api.w.org\/{rel}","templated":true}]}}