{"id":72913,"date":"2022-03-16T08:41:25","date_gmt":"2022-03-16T14:41:25","guid":{"rendered":"http:\/\/diariodigitalmx.com\/?p=72913"},"modified":"2022-03-16T08:44:17","modified_gmt":"2022-03-16T14:44:17","slug":"el-bronco-en-su-primera-noche-en-el-penal-que-construyo","status":"publish","type":"post","link":"https:\/\/diariodigitalmx.com\/index.php\/2022\/03\/16\/el-bronco-en-su-primera-noche-en-el-penal-que-construyo\/","title":{"rendered":"El Bronco en su primera noche en el Penal que construy\u00f3"},"content":{"rendered":"\n<p>Walter Elizondo <\/p>\n\n\n\n<p>Monterrey &#8211; El Bronco construy\u00f3 en su administraci\u00f3n el Penal 2 de Apodaca, ah\u00ed pas\u00f3 su primera noche como interno.&nbsp;<\/p>\n\n\n\n<p>Con la ficha 10634 y el uniforme gris oficial del penal, consistente en sudadera y pants, el ex gobernador de Nuevo Le\u00f3n, pas\u00f3 la noche, al parecer en una \u00e1rea especial.<\/p>\n\n\n\n<figure class=\"wp-block-image size-large\"><img loading=\"lazy\" decoding=\"async\" width=\"640\" height=\"480\" src=\"http:\/\/diariodigitalmx.com\/wp-content\/uploads\/2022\/03\/images-6-1.jpeg\" alt=\"\" class=\"wp-image-72918\" srcset=\"https:\/\/diariodigitalmx.com\/wp-content\/uploads\/2022\/03\/images-6-1.jpeg 640w, https:\/\/diariodigitalmx.com\/wp-content\/uploads\/2022\/03\/images-6-1-300x225.jpeg 300w\" sizes=\"(max-width: 640px) 100vw, 640px\" \/><\/figure>\n\n\n\n<p>Entregadas las obras del Cereso 2 en el 2020 se anunci\u00f3 con inversi\u00f3n de mil 300 millones de pesos.&nbsp;<\/p>\n\n\n\n<p>Detenido el martes por presuntos delitos electorales, Rodr\u00edguez Calder\u00f3n quien espera su primera audiencia, cerr\u00f3 en 2019 el temible penal del Topo Chico, y construy\u00f3 el Cereso donde fue llevado.<\/p>\n\n\n\n<figure class=\"wp-block-image size-large\"><img loading=\"lazy\" decoding=\"async\" width=\"644\" height=\"476\" src=\"http:\/\/diariodigitalmx.com\/wp-content\/uploads\/2022\/03\/images-5-1.jpeg\" alt=\"\" class=\"wp-image-72916\" srcset=\"https:\/\/diariodigitalmx.com\/wp-content\/uploads\/2022\/03\/images-5-1.jpeg 644w, https:\/\/diariodigitalmx.com\/wp-content\/uploads\/2022\/03\/images-5-1-300x222.jpeg 300w\" sizes=\"(max-width: 644px) 100vw, 644px\" \/><\/figure>\n\n\n\n<p>Se trata en realidad de una extensi\u00f3n adjunta del Cereso de Apodaca y que ha sido llamado Cereso 2. Ambos penales est\u00e1n al norte, en las afueras de la zona metropolitana en el municipio de Apodaca.&nbsp;<\/p>\n\n\n\n<p>\u201cEl proyecto contempla\u00a0 el aumento de la capacidad instalada, a mil 560 personas privadas de la libertad, en cuatro m\u00f3dulos de 380 personas cada uno, y un m\u00f3dulo de alta seguridad de 52 personas privadas de la libertad\u201d, revel\u00f3 la administraci\u00f3n de Rodr\u00edguez Calder\u00f3n al publicitar su obra.<\/p>\n\n\n\n<figure class=\"wp-block-image size-large\"><img loading=\"lazy\" decoding=\"async\" width=\"606\" height=\"506\" src=\"http:\/\/diariodigitalmx.com\/wp-content\/uploads\/2022\/03\/images-8.jpeg\" alt=\"\" class=\"wp-image-72921\" srcset=\"https:\/\/diariodigitalmx.com\/wp-content\/uploads\/2022\/03\/images-8.jpeg 606w, https:\/\/diariodigitalmx.com\/wp-content\/uploads\/2022\/03\/images-8-300x250.jpeg 300w\" sizes=\"(max-width: 606px) 100vw, 606px\" \/><\/figure>\n\n\n\n<p>En el Cereso 2 de Apodaca se tienen\u00a0 visitas familiares y lo \u00fanico que se permite es que el interno pueda interactuar una vez por semana y durante 15 minutos, con una sola persona, en alguno de los nueve locutorios disponibles, se explicaba a la prensa al hablar de las medidas contra el Covid.<\/p>\n\n\n\n<figure class=\"wp-block-image size-large\"><img loading=\"lazy\" decoding=\"async\" width=\"678\" height=\"452\" src=\"http:\/\/diariodigitalmx.com\/wp-content\/uploads\/2022\/03\/images-7.jpeg\" alt=\"\" class=\"wp-image-72923\" srcset=\"https:\/\/diariodigitalmx.com\/wp-content\/uploads\/2022\/03\/images-7.jpeg 678w, https:\/\/diariodigitalmx.com\/wp-content\/uploads\/2022\/03\/images-7-300x200.jpeg 300w\" sizes=\"(max-width: 678px) 100vw, 678px\" \/><\/figure>\n\n\n\n<p>Los espacios son cabinas con una m\u00ednima privacidad, para que personas charlen a trav\u00e9s de una reja, sentadas frente a otra.<\/p>\n\n\n\n<p>En Nuevo Le\u00f3n existen tres penales para varones, uno m\u00e1s femenil y el tutelar para menores de edad.&nbsp;<\/p>\n\n\n\n<p>El viernes 7 de enero hubo disturbios en el Cereso 1 de Apodaca con saldo de 56 internos lesionados.<\/p>\n\n\n\n<figure class=\"wp-block-image size-large\"><img loading=\"lazy\" decoding=\"async\" width=\"696\" height=\"423\" src=\"http:\/\/diariodigitalmx.com\/wp-content\/uploads\/2022\/03\/images-9.jpeg\" alt=\"\" class=\"wp-image-72925\" srcset=\"https:\/\/diariodigitalmx.com\/wp-content\/uploads\/2022\/03\/images-9.jpeg 696w, https:\/\/diariodigitalmx.com\/wp-content\/uploads\/2022\/03\/images-9-300x182.jpeg 300w\" sizes=\"(max-width: 696px) 100vw, 696px\" \/><\/figure>\n\n\n\n<p>En octubre de 2020 El Bronco inaugur\u00f3 canchas deportivas en el Cereso de Apodaca, y acorde a su estilo y lenguaje verbal, dijo en broma a un interno que fungi\u00f3 como portero en el tiro inaugural: &#8220;S\u00ed lo paras, te libero wey&#8221;, lo que celebraron con risas los asistentes el evento.&nbsp;<\/p>\n","protected":false},"excerpt":{"rendered":"<p>Walter Elizondo Monterrey &#8211; El Bronco construy\u00f3 en su administraci\u00f3n el Penal 2 de Apodaca, ah\u00ed pas\u00f3 su primera noche como interno.&nbsp; Con la ficha 10634 y el uniforme gris oficial del penal, consistente en sudadera y pants, el ex gobernador de Nuevo Le\u00f3n, pas\u00f3 la noche, al parecer en una \u00e1rea especial. Entregadas las [&hellip;]<\/p>\n","protected":false},"author":1,"featured_media":72915,"comment_status":"open","ping_status":"open","sticky":true,"template":"","format":"standard","meta":{"footnotes":""},"categories":[6,3],"tags":[],"_links":{"self":[{"href":"https:\/\/diariodigitalmx.com\/index.php\/wp-json\/wp\/v2\/posts\/72913"}],"collection":[{"href":"https:\/\/diariodigitalmx.com\/index.php\/wp-json\/wp\/v2\/posts"}],"about":[{"href":"https:\/\/diariodigitalmx.com\/index.php\/wp-json\/wp\/v2\/types\/post"}],"author":[{"embeddable":true,"href":"https:\/\/diariodigitalmx.com\/index.php\/wp-json\/wp\/v2\/users\/1"}],"replies":[{"embeddable":true,"href":"https:\/\/diariodigitalmx.com\/index.php\/wp-json\/wp\/v2\/comments?post=72913"}],"version-history":[{"count":6,"href":"https:\/\/diariodigitalmx.com\/index.php\/wp-json\/wp\/v2\/posts\/72913\/revisions"}],"predecessor-version":[{"id":72926,"href":"https:\/\/diariodigitalmx.com\/index.php\/wp-json\/wp\/v2\/posts\/72913\/revisions\/72926"}],"wp:featuredmedia":[{"embeddable":true,"href":"https:\/\/diariodigitalmx.com\/index.php\/wp-json\/wp\/v2\/media\/72915"}],"wp:attachment":[{"href":"https:\/\/diariodigitalmx.com\/index.php\/wp-json\/wp\/v2\/media?parent=72913"}],"wp:term":[{"taxonomy":"category","embeddable":true,"href":"https:\/\/diariodigitalmx.com\/index.php\/wp-json\/wp\/v2\/categories?post=72913"},{"taxonomy":"post_tag","embeddable":true,"href":"https:\/\/diariodigitalmx.com\/index.php\/wp-json\/wp\/v2\/tags?post=72913"}],"curies":[{"name":"wp","href":"https:\/\/api.w.org\/{rel}","templated":true}]}}