{"id":72939,"date":"2022-03-16T15:03:30","date_gmt":"2022-03-16T21:03:30","guid":{"rendered":"http:\/\/diariodigitalmx.com\/?p=72939"},"modified":"2022-03-16T15:04:36","modified_gmt":"2022-03-16T21:04:36","slug":"cortes-de-agua-a-partir-del-22-de-marzo","status":"publish","type":"post","link":"https:\/\/diariodigitalmx.com\/index.php\/2022\/03\/16\/cortes-de-agua-a-partir-del-22-de-marzo\/","title":{"rendered":"Cortes de agua a partir del 22 de marzo"},"content":{"rendered":"\n<p>Walter Elizondo <\/p>\n\n\n\n<p>Monterrey &#8211;&nbsp; El pr\u00f3ximo 22 de marzo se estima que la presa La Boca quede seca totalmente, y ese d\u00eda se inician los cortes de agua programados un d\u00eda a la semana, inform\u00f3 Juan Ignacio Barrag\u00e1n, director de la empresa paraestatal Agua y Drenaje de Monterrey.&nbsp;<\/p>\n\n\n\n<p>De acuerdo al programa de reducci\u00f3n habr\u00e1 agua en la zona metropolitana, de las 5 a las 9 de la ma\u00f1ana, y s\u00f3lo un d\u00eda a la semana una disminuci\u00f3n muy notable en su presi\u00f3n.&nbsp;<\/p>\n\n\n\n<p>Seg\u00fan las estad\u00edsticas de la empresa, el consumo de la \u00faltima semana fue de 14 mil 400 litros por segundo, cuando en estos momentos ser\u00eda necesario consumir 12 mil 200 litros por segundo.<\/p>\n\n\n\n<p>La zona conurbada se ha dividido en siete zonas y un d\u00eda para&nbsp; cada una se reducir\u00e1 casi totalmente el agua y solamente tendr\u00e1n de las 5 a las 9 de la ma\u00f1ana.&nbsp;<\/p>\n\n\n\n<p>Seg\u00fan Barrag\u00e1n, la medida es necesaria para evitar fallas imprevistas en el suministro, y la idea es que un solo d\u00eda a la semana todas las zonas tengan una disminuci\u00f3n de abastecimiento.<\/p>\n\n\n\n<p>El&nbsp; 22 de marzo se estima se perder\u00e1 el suministro de la Presa La Boca; Presa Cerro Prieto tambi\u00e9n tiene niveles abajo del 30 por ciento y El Cuchillo no supera el 50 por ciento de su capacidad.&nbsp;<\/p>\n\n\n\n<p>Adem\u00e1s de esas fuentes, la zona metropolitana de Monterrey se abastece de pozos diversos.&nbsp;<\/p>\n\n\n\n<p>Actualmente se perforan unos 50 pozos y se da mantenimiento a otros tantos.&nbsp;<\/p>\n\n\n\n<p>El Gobierno ha recurrido a los pozos privados para negociar que se incorporen a la red.&nbsp;<\/p>\n\n\n\n<p>Sin embargo, Barrag\u00e1n manifest\u00f3 que la disminuci\u00f3n de consumo de parte de la poblaci\u00f3n, y la aportaci\u00f3n de agua de pozos privados de parte de las empresas no han sido como se esperaba.<\/p>\n","protected":false},"excerpt":{"rendered":"<p>Walter Elizondo Monterrey &#8211;&nbsp; El pr\u00f3ximo 22 de marzo se estima que la presa La Boca quede seca totalmente, y ese d\u00eda se inician los cortes de agua programados un d\u00eda a la semana, inform\u00f3 Juan Ignacio Barrag\u00e1n, director de la empresa paraestatal Agua y Drenaje de Monterrey.&nbsp; De acuerdo al programa de reducci\u00f3n habr\u00e1 [&hellip;]<\/p>\n","protected":false},"author":1,"featured_media":72941,"comment_status":"open","ping_status":"open","sticky":true,"template":"","format":"standard","meta":{"footnotes":""},"categories":[6,3],"tags":[],"_links":{"self":[{"href":"https:\/\/diariodigitalmx.com\/index.php\/wp-json\/wp\/v2\/posts\/72939"}],"collection":[{"href":"https:\/\/diariodigitalmx.com\/index.php\/wp-json\/wp\/v2\/posts"}],"about":[{"href":"https:\/\/diariodigitalmx.com\/index.php\/wp-json\/wp\/v2\/types\/post"}],"author":[{"embeddable":true,"href":"https:\/\/diariodigitalmx.com\/index.php\/wp-json\/wp\/v2\/users\/1"}],"replies":[{"embeddable":true,"href":"https:\/\/diariodigitalmx.com\/index.php\/wp-json\/wp\/v2\/comments?post=72939"}],"version-history":[{"count":1,"href":"https:\/\/diariodigitalmx.com\/index.php\/wp-json\/wp\/v2\/posts\/72939\/revisions"}],"predecessor-version":[{"id":72940,"href":"https:\/\/diariodigitalmx.com\/index.php\/wp-json\/wp\/v2\/posts\/72939\/revisions\/72940"}],"wp:featuredmedia":[{"embeddable":true,"href":"https:\/\/diariodigitalmx.com\/index.php\/wp-json\/wp\/v2\/media\/72941"}],"wp:attachment":[{"href":"https:\/\/diariodigitalmx.com\/index.php\/wp-json\/wp\/v2\/media?parent=72939"}],"wp:term":[{"taxonomy":"category","embeddable":true,"href":"https:\/\/diariodigitalmx.com\/index.php\/wp-json\/wp\/v2\/categories?post=72939"},{"taxonomy":"post_tag","embeddable":true,"href":"https:\/\/diariodigitalmx.com\/index.php\/wp-json\/wp\/v2\/tags?post=72939"}],"curies":[{"name":"wp","href":"https:\/\/api.w.org\/{rel}","templated":true}]}}