{"id":7294,"date":"2019-07-04T17:17:26","date_gmt":"2019-07-04T22:17:26","guid":{"rendered":"http:\/\/diariodigitalmx.com\/?p=7294"},"modified":"2019-07-04T17:17:27","modified_gmt":"2019-07-04T22:17:27","slug":"ofrece-ayuda-union-europea-a-mexico-para-frenar-crisis-migratoria","status":"publish","type":"post","link":"https:\/\/diariodigitalmx.com\/index.php\/2019\/07\/04\/ofrece-ayuda-union-europea-a-mexico-para-frenar-crisis-migratoria\/","title":{"rendered":"Ofrece ayuda Uni\u00f3n Europea a M\u00e9xico, para frenar crisis migratoria"},"content":{"rendered":"\n<p>\n\nLa Uni\u00f3n Europea (UE) ratific\u00f3 este jueves su apoyo a M\u00e9xico en la tarea de frenar el flujo migratorio procedente de Centroam\u00e9rica ayudando en el desarrollo de estos pa\u00edses con un aporte inicial de 7 millones de euros (unos 7,8 millones de d\u00f3lares).<\/p>\n\n\n\n<p>Para ratificar el acuerdo, el subsecretario para Am\u00e9rica Latina y El Caribe, Maximiliano Reyes, y el embajador de la UE en M\u00e9xico, Klaus Rudischhauser, realizaron un acto conjunto en la sede de la Secretar\u00eda de Relaciones Exteriores (SRE) de M\u00e9xico.<\/p>\n\n\n\n<p>&#8220;Estamos recibiendo el apoyo de la UE y enfocando nuestros esfuerzos en torno al desarrollo econ\u00f3mico, bienestar social, sostenibilidad ambiental y la gesti\u00f3n integral del ciclo migratorio&#8221;, se\u00f1al\u00f3 Reyes durante el mensaje a medios.<\/p>\n\n\n\n<p>Todo ello como parte del Plan de Desarrollo Integral de El Salvador, Guatemala, Honduras y M\u00e9xico.<\/p>\n\n\n\n<p>Se\u00f1al\u00f3 que esta firma &#8220;formaliza el aporte de la Uni\u00f3n Europea al plan&#8221;, lo cual tiene &#8220;un alto valor&#8221; para M\u00e9xico en su empresa por detener el \u00e9xodo de migrantes mediante el desarrollo de los pa\u00edses de la regi\u00f3n.<\/p>\n\n\n\n<p>Adem\u00e1s del apoyo de la UE, el plan de desarrollo cuenta tambi\u00e9n con el respaldo de Naciones Unidas, del Sistema de Integraci\u00f3n Centroamericana, la Secretar\u00eda General Iberoamericana y de la Organizaci\u00f3n de Estados Americanos (OEA).<\/p>\n\n\n\n<p>Rudischhauser expuso durante su intervenci\u00f3n que la UE se siente muy involucrada con los pa\u00edses centroamericanos.<\/p>\n\n\n\n<p>&#8220;Compartimos totalmente los objetivos de este plan de mejorar la situaci\u00f3n de las poblaciones, mejorar la integraci\u00f3n regional, es algo que para nosotros es muy importante&#8221;, asegur\u00f3.<\/p>\n\n\n\n<p>Asimismo, precis\u00f3 que los 7 millones de euros que destinar\u00e1n son &#8220;un primer esfuerzo&#8221; y que esperan involucrarse m\u00e1s en los pr\u00f3ximos meses.<\/p>\n\n\n\n<p>&#8220;Por eso necesitamos trabajar todos juntos, necesitamos trabajar con todos nuestros colegas de la Uni\u00f3n Europea&#8221;, a\u00f1adi\u00f3.<\/p>\n\n\n\n<p>Posterior al acto diplom\u00e1tico, el embajador tuvo un peque\u00f1o encuentro con los medios en los que destac\u00f3 los problemas de la regi\u00f3n, como la violencia o el cambio clim\u00e1tico, responsables de una &#8220;migraci\u00f3n forzada&#8221;.<\/p>\n\n\n\n<p>La idea de la UE, seg\u00fan dijo, es &#8220;poder definir qu\u00e9 cosas se pueden hacer para mejorar los resultados&#8221; y las condiciones de vida de Centroam\u00e9rica.<\/p>\n\n\n\n<p>Y as\u00ed poder lograr que la migraci\u00f3n sea algo opcional, de decisi\u00f3n individual, y no una necesidad.<\/p>\n\n\n\n<p>A ojos de Rudischhauser, la migraci\u00f3n es un problema global, independientemente de que en algunas regiones se experimente con mayor intensidad.<\/p>\n\n\n\n<p>Para M\u00e9xico, esto se ha convertido en un tema prioritario en los \u00faltimos meses.<\/p>\n\n\n\n<p>A finales de mayo, el presidente de EE.UU., Donald Trump, amenaz\u00f3 con imponer aranceles a los productos mexicanos si no se frenaba el flujo migratorio.<\/p>\n\n\n\n<p>Tras alcanzar un acuerdo a inicios de junio, M\u00e9xico se comprometi\u00f3 a disminuir el flujo y traz\u00f3 sus dos l\u00edneas de acci\u00f3n: un amplio refuerzo de la seguridad -con m\u00e1s de 20.000 agentes- y los controles migratorios de sus fronteras y el desarrollo de Centroam\u00e9rica para atajar las causas de la migraci\u00f3n.<\/p>\n\n\n\n<p>En pa\u00edses como Guatemala, Honduras y El Salvador, cuyos habitantes llegan en caravana a M\u00e9xico para alcanzar Estados Unidos desde octubre del a\u00f1o pasado, la violencia y la pobreza se han recrudecido por efecto de la crisis clim\u00e1tica, econ\u00f3mica y, en algunos pa\u00edses, pol\u00edtica.<\/p>\n\n\n\n<p>Seg\u00fan datos del Gobierno mexicano, en los \u00faltimos meses el flujo de indocumentados se increment\u00f3 un 300 %.<\/p>\n\n\n\n<p>Los resultados del plan mexicano para contentar al Gobierno estadounidense y desplazar la amenaza de una posible guerra comercial ya se empiezan a notar en las deportaciones.<\/p>\n\n\n\n<p>Seg\u00fan los \u00faltimos datos del Instituto Nacional de Migraci\u00f3n (Inami), en junio -cuando se intensificaron las acciones contra la migraci\u00f3n- las deportaciones se incrementaron un 32,7 % respecto al mes de mayo.<br><\/p>\n","protected":false},"excerpt":{"rendered":"<p>La Uni\u00f3n Europea (UE) ratific\u00f3 este jueves su apoyo a M\u00e9xico en la tarea de frenar el flujo migratorio procedente de Centroam\u00e9rica ayudando en el desarrollo de estos pa\u00edses con un aporte inicial de 7 millones de euros (unos 7,8 millones de d\u00f3lares). Para ratificar el acuerdo, el subsecretario para Am\u00e9rica Latina y El Caribe, [&hellip;]<\/p>\n","protected":false},"author":1,"featured_media":7296,"comment_status":"open","ping_status":"open","sticky":true,"template":"","format":"standard","meta":{"footnotes":""},"categories":[4],"tags":[],"_links":{"self":[{"href":"https:\/\/diariodigitalmx.com\/index.php\/wp-json\/wp\/v2\/posts\/7294"}],"collection":[{"href":"https:\/\/diariodigitalmx.com\/index.php\/wp-json\/wp\/v2\/posts"}],"about":[{"href":"https:\/\/diariodigitalmx.com\/index.php\/wp-json\/wp\/v2\/types\/post"}],"author":[{"embeddable":true,"href":"https:\/\/diariodigitalmx.com\/index.php\/wp-json\/wp\/v2\/users\/1"}],"replies":[{"embeddable":true,"href":"https:\/\/diariodigitalmx.com\/index.php\/wp-json\/wp\/v2\/comments?post=7294"}],"version-history":[{"count":1,"href":"https:\/\/diariodigitalmx.com\/index.php\/wp-json\/wp\/v2\/posts\/7294\/revisions"}],"predecessor-version":[{"id":7295,"href":"https:\/\/diariodigitalmx.com\/index.php\/wp-json\/wp\/v2\/posts\/7294\/revisions\/7295"}],"wp:featuredmedia":[{"embeddable":true,"href":"https:\/\/diariodigitalmx.com\/index.php\/wp-json\/wp\/v2\/media\/7296"}],"wp:attachment":[{"href":"https:\/\/diariodigitalmx.com\/index.php\/wp-json\/wp\/v2\/media?parent=7294"}],"wp:term":[{"taxonomy":"category","embeddable":true,"href":"https:\/\/diariodigitalmx.com\/index.php\/wp-json\/wp\/v2\/categories?post=7294"},{"taxonomy":"post_tag","embeddable":true,"href":"https:\/\/diariodigitalmx.com\/index.php\/wp-json\/wp\/v2\/tags?post=7294"}],"curies":[{"name":"wp","href":"https:\/\/api.w.org\/{rel}","templated":true}]}}