{"id":72949,"date":"2022-03-16T21:41:38","date_gmt":"2022-03-17T03:41:38","guid":{"rendered":"http:\/\/diariodigitalmx.com\/?p=72949"},"modified":"2022-03-16T21:42:10","modified_gmt":"2022-03-17T03:42:10","slug":"la-precandidatura-de-americo-mas-firme-que-nunca-morena","status":"publish","type":"post","link":"https:\/\/diariodigitalmx.com\/index.php\/2022\/03\/16\/la-precandidatura-de-americo-mas-firme-que-nunca-morena\/","title":{"rendered":"La precandidatura de Am\u00e9rico, m\u00e1s firme que nunca: Morena"},"content":{"rendered":"\n<p><\/p>\n\n\n\n<p>Ciudad Victoria, Tam.-La decisi\u00f3n de la sala superior del tribunal del poder judicial de la federaci\u00f3n no afecta, no revoca y no anula de ninguna manera la precandidatura del Doctor Am\u00e9rico Villarreal Anaya a Gobernador de Tamaulipas por MORENA, por el contrario se mantiene m\u00e1s firme que nunca, afirm\u00f3 el representante de este partido ante el Consejo General del IETAM, Eduardo Govea.<br>\u201cEl registro del Doctor Am\u00e9rico Villarreal Anaya esta firme, por que esta decisi\u00f3n no anula, no revoca, no echa por tierra dicho registro; subsiste jur\u00eddicamente\u201d, expres\u00f3 al mismo tiempo que asegur\u00f3 que legal y jur\u00eddicamente cuentan con toda la certeza en torno al proceso interno de selecci\u00f3n.<br>\u201cLa decisi\u00f3n de la sala superior no es de ninguna manera una decisi\u00f3n que revoque el registro de la candidatura del Doctor Villarreal, y no afecta la ruta que sigue MORENA en el proceso electoral ya de cara al inicio formal de las campa\u00f1as\u201d, manifest\u00f3.<br>Detall\u00f3 a que el fallo de la sala superior \u00fanicamente revoca la decisi\u00f3n del Tribunal electoral de Tamaulipas para que hagan una revisi\u00f3n integral de los agravios expuestos por la inconforme, ante lo que ya est\u00e1 previamente dictaminado y que corrobora que el proceso interno de MORENA fue apegado a derecho.<br>Estas declaraciones se dieron en el marco de un encuentro con medios de comunicaci\u00f3n en donde tambi\u00e9n estuvo presente el delegado del comit\u00e9 ejecutivo nacional de MORENA en Tamaulipas, Ernesto Palacios quien reafirm\u00f3 tambi\u00e9n que la decisi\u00f3n de la sala superior, no cambia la designaci\u00f3n hecha por el partido, solamente obliga al tribunal electoral de Tamaulipas a ser exhaustivo en sus respuestas.<br>\u201cla decisi\u00f3n de MORENA sobre su precandidato sigue firme como desde el primer d\u00eda, el registro es \u00fanico y sigue firme\u201d, manifest\u00f3 el delegado nacional de MORENA.<\/p>\n","protected":false},"excerpt":{"rendered":"<p>Ciudad Victoria, Tam.-La decisi\u00f3n de la sala superior del tribunal del poder judicial de la federaci\u00f3n no afecta, no revoca y no anula de ninguna manera la precandidatura del Doctor Am\u00e9rico Villarreal Anaya a Gobernador de Tamaulipas por MORENA, por el contrario se mantiene m\u00e1s firme que nunca, afirm\u00f3 el representante de este partido ante [&hellip;]<\/p>\n","protected":false},"author":1,"featured_media":72951,"comment_status":"open","ping_status":"open","sticky":true,"template":"","format":"standard","meta":{"footnotes":""},"categories":[14,19],"tags":[],"_links":{"self":[{"href":"https:\/\/diariodigitalmx.com\/index.php\/wp-json\/wp\/v2\/posts\/72949"}],"collection":[{"href":"https:\/\/diariodigitalmx.com\/index.php\/wp-json\/wp\/v2\/posts"}],"about":[{"href":"https:\/\/diariodigitalmx.com\/index.php\/wp-json\/wp\/v2\/types\/post"}],"author":[{"embeddable":true,"href":"https:\/\/diariodigitalmx.com\/index.php\/wp-json\/wp\/v2\/users\/1"}],"replies":[{"embeddable":true,"href":"https:\/\/diariodigitalmx.com\/index.php\/wp-json\/wp\/v2\/comments?post=72949"}],"version-history":[{"count":1,"href":"https:\/\/diariodigitalmx.com\/index.php\/wp-json\/wp\/v2\/posts\/72949\/revisions"}],"predecessor-version":[{"id":72950,"href":"https:\/\/diariodigitalmx.com\/index.php\/wp-json\/wp\/v2\/posts\/72949\/revisions\/72950"}],"wp:featuredmedia":[{"embeddable":true,"href":"https:\/\/diariodigitalmx.com\/index.php\/wp-json\/wp\/v2\/media\/72951"}],"wp:attachment":[{"href":"https:\/\/diariodigitalmx.com\/index.php\/wp-json\/wp\/v2\/media?parent=72949"}],"wp:term":[{"taxonomy":"category","embeddable":true,"href":"https:\/\/diariodigitalmx.com\/index.php\/wp-json\/wp\/v2\/categories?post=72949"},{"taxonomy":"post_tag","embeddable":true,"href":"https:\/\/diariodigitalmx.com\/index.php\/wp-json\/wp\/v2\/tags?post=72949"}],"curies":[{"name":"wp","href":"https:\/\/api.w.org\/{rel}","templated":true}]}}