{"id":72961,"date":"2022-03-16T23:00:37","date_gmt":"2022-03-17T05:00:37","guid":{"rendered":"http:\/\/diariodigitalmx.com\/?p=72961"},"modified":"2022-03-16T23:05:07","modified_gmt":"2022-03-17T05:05:07","slug":"formalizan-grupo-trabajo-entre-cedhnl-secretaria-de-gobierno-y-comision-de-atencion-a-victimas","status":"publish","type":"post","link":"https:\/\/diariodigitalmx.com\/index.php\/2022\/03\/16\/formalizan-grupo-trabajo-entre-cedhnl-secretaria-de-gobierno-y-comision-de-atencion-a-victimas\/","title":{"rendered":"Formalizan grupo trabajo entre CEDHNL, Secretar\u00eda de Gobierno y Comisi\u00f3n de Atenci\u00f3n a V\u00edctimas"},"content":{"rendered":"\n<p>*<em>A trav\u00e9s de un convenio de colaboraci\u00f3n, el organismo defensor de derechos humanos y las autoridades estatales acordaron actividades conjuntas<\/em><\/p>\n\n\n\n<p>Con el objetivo de estrechar relaciones institucionales y de trabajo, la Comisi\u00f3n Estatal de Derechos Humanos firm\u00f3 un convenio de colaboraci\u00f3n con la Secretar\u00eda General de Gobierno del Estado y la Comisi\u00f3n Ejecutiva Estatal de Atenci\u00f3n a V\u00edctimas.<\/p>\n\n\n\n<p>La Presidenta de la CEDHNL, Olga Susana M\u00e9ndez Arellano, firm\u00f3 el convenio junto con el Secretario General de Gobierno, Javier Luis Navarro Velazco; el Subsecretario de Gobierno, V\u00edctor Jaime Cabrera Medrano; y la Titular de la CEEAV, Cinthia Luc\u00eda Mar\u00edn Montoya.<\/p>\n\n\n\n<figure class=\"wp-block-image size-large\"><img loading=\"lazy\" decoding=\"async\" width=\"1024\" height=\"675\" src=\"http:\/\/diariodigitalmx.com\/wp-content\/uploads\/2022\/03\/Screenshot_20220316_230312_com.google.android.apps_.photos2-1024x675.jpg\" alt=\"\" class=\"wp-image-72966\" srcset=\"https:\/\/diariodigitalmx.com\/wp-content\/uploads\/2022\/03\/Screenshot_20220316_230312_com.google.android.apps_.photos2-1024x675.jpg 1024w, https:\/\/diariodigitalmx.com\/wp-content\/uploads\/2022\/03\/Screenshot_20220316_230312_com.google.android.apps_.photos2-300x198.jpg 300w, https:\/\/diariodigitalmx.com\/wp-content\/uploads\/2022\/03\/Screenshot_20220316_230312_com.google.android.apps_.photos2-768x506.jpg 768w, https:\/\/diariodigitalmx.com\/wp-content\/uploads\/2022\/03\/Screenshot_20220316_230312_com.google.android.apps_.photos2.jpg 1073w\" sizes=\"(max-width: 1024px) 100vw, 1024px\" \/><\/figure>\n\n\n\n<figure class=\"wp-block-image size-large\"><img decoding=\"async\" src=\"blob:http:\/\/diariodigitalmx.com\/d76ba7bf-178f-4c8e-84ba-a1e60fe8e4bd\" alt=\"\"\/><\/figure>\n\n\n\n<p>El documento signado propone realizar actividades conjuntas para promover la atenci\u00f3n, asistencia y protecci\u00f3n a personas en situaci\u00f3n de v\u00edctima de violaci\u00f3n a sus derechos humanos cometidas por servidores p\u00fablicos; intercambio de informaci\u00f3n rec\u00edproca; dise\u00f1o y ejecuci\u00f3n de pol\u00edticas p\u00fablicas y capacitaci\u00f3n.<\/p>\n\n\n\n<figure class=\"wp-block-image size-large\"><img loading=\"lazy\" decoding=\"async\" width=\"1024\" height=\"682\" src=\"http:\/\/diariodigitalmx.com\/wp-content\/uploads\/2022\/03\/IMG-20220316-WA0033-1024x682.jpg\" alt=\"\" class=\"wp-image-72968\" srcset=\"https:\/\/diariodigitalmx.com\/wp-content\/uploads\/2022\/03\/IMG-20220316-WA0033-1024x682.jpg 1024w, https:\/\/diariodigitalmx.com\/wp-content\/uploads\/2022\/03\/IMG-20220316-WA0033-300x200.jpg 300w, https:\/\/diariodigitalmx.com\/wp-content\/uploads\/2022\/03\/IMG-20220316-WA0033-768x512.jpg 768w, https:\/\/diariodigitalmx.com\/wp-content\/uploads\/2022\/03\/IMG-20220316-WA0033.jpg 1280w\" sizes=\"(max-width: 1024px) 100vw, 1024px\" \/><\/figure>\n\n\n\n<p>\u201cCon este evento refrendamos el compromiso que venimos cumpliendo como organismo con la autoridad estatal, que a\u00fan sin convenio hemos estado colaborando juntos, y lo seguiremos haciendo para vigilar el respeto a los derechos humanos de todas y todos\u201d, dijo M\u00e9ndez Arellano.<\/p>\n\n\n\n<p>Adem\u00e1s, el acuerdo establece la formaci\u00f3n de un Grupo de Trabajo por parte de la CEDHNL y la CEEAV, con la finalidad de establecer un programa y mecanismos de seguimiento correspondientes, as\u00ed como determinar, aprobar e implementar acciones para el cumplimiento del convenio institucional.<\/p>\n","protected":false},"excerpt":{"rendered":"<p>*A trav\u00e9s de un convenio de colaboraci\u00f3n, el organismo defensor de derechos humanos y las autoridades estatales acordaron actividades conjuntas Con el objetivo de estrechar relaciones institucionales y de trabajo, la Comisi\u00f3n Estatal de Derechos Humanos firm\u00f3 un convenio de colaboraci\u00f3n con la Secretar\u00eda General de Gobierno del Estado y la Comisi\u00f3n Ejecutiva Estatal de [&hellip;]<\/p>\n","protected":false},"author":1,"featured_media":72963,"comment_status":"open","ping_status":"open","sticky":true,"template":"","format":"standard","meta":{"footnotes":""},"categories":[14,6],"tags":[],"_links":{"self":[{"href":"https:\/\/diariodigitalmx.com\/index.php\/wp-json\/wp\/v2\/posts\/72961"}],"collection":[{"href":"https:\/\/diariodigitalmx.com\/index.php\/wp-json\/wp\/v2\/posts"}],"about":[{"href":"https:\/\/diariodigitalmx.com\/index.php\/wp-json\/wp\/v2\/types\/post"}],"author":[{"embeddable":true,"href":"https:\/\/diariodigitalmx.com\/index.php\/wp-json\/wp\/v2\/users\/1"}],"replies":[{"embeddable":true,"href":"https:\/\/diariodigitalmx.com\/index.php\/wp-json\/wp\/v2\/comments?post=72961"}],"version-history":[{"count":4,"href":"https:\/\/diariodigitalmx.com\/index.php\/wp-json\/wp\/v2\/posts\/72961\/revisions"}],"predecessor-version":[{"id":72969,"href":"https:\/\/diariodigitalmx.com\/index.php\/wp-json\/wp\/v2\/posts\/72961\/revisions\/72969"}],"wp:featuredmedia":[{"embeddable":true,"href":"https:\/\/diariodigitalmx.com\/index.php\/wp-json\/wp\/v2\/media\/72963"}],"wp:attachment":[{"href":"https:\/\/diariodigitalmx.com\/index.php\/wp-json\/wp\/v2\/media?parent=72961"}],"wp:term":[{"taxonomy":"category","embeddable":true,"href":"https:\/\/diariodigitalmx.com\/index.php\/wp-json\/wp\/v2\/categories?post=72961"},{"taxonomy":"post_tag","embeddable":true,"href":"https:\/\/diariodigitalmx.com\/index.php\/wp-json\/wp\/v2\/tags?post=72961"}],"curies":[{"name":"wp","href":"https:\/\/api.w.org\/{rel}","templated":true}]}}