{"id":72970,"date":"2022-03-16T23:19:43","date_gmt":"2022-03-17T05:19:43","guid":{"rendered":"http:\/\/diariodigitalmx.com\/?p=72970"},"modified":"2022-03-16T23:24:43","modified_gmt":"2022-03-17T05:24:43","slug":"charlas-de-taberna-2","status":"publish","type":"post","link":"https:\/\/diariodigitalmx.com\/index.php\/2022\/03\/16\/charlas-de-taberna-2\/","title":{"rendered":"Charlas de Taberna"},"content":{"rendered":"\n<p>*Mujer Xochimilca, trae la charrer\u00eda en la sangre<\/p>\n\n\n\n<p>Por Marcos H. Valerio<\/p>\n\n\n\n<p>La charrer\u00eda la lleva en la sangre, desde ni\u00f1a, Fernanda P\u00e9rez Carre\u00f3n empez\u00f3 a practicar el deporte de la charrer\u00eda ya a los 14 a\u00f1os, se inici\u00f3 profesionalmente con equipos de escaramuzas y a los 21 a\u00f1os continu\u00f3 en la categor\u00eda de \u201ccala de caballos\u201d donde ha alcanzado campeonatos nacionales.<\/p>\n\n\n\n<figure class=\"wp-block-gallery columns-2 is-cropped wp-block-gallery-1 is-layout-flex wp-block-gallery-is-layout-flex\"><ul class=\"blocks-gallery-grid\"><li class=\"blocks-gallery-item\"><figure><img loading=\"lazy\" decoding=\"async\" width=\"814\" height=\"1024\" src=\"http:\/\/diariodigitalmx.com\/wp-content\/uploads\/2022\/03\/IMG-20220316-WA0042-814x1024.jpg\" alt=\"\" data-id=\"72973\" data-full-url=\"http:\/\/diariodigitalmx.com\/wp-content\/uploads\/2022\/03\/IMG-20220316-WA0042.jpg\" data-link=\"http:\/\/diariodigitalmx.com\/index.php\/2022\/03\/16\/charlas-de-taberna-2\/img-20220316-wa0042\/\" class=\"wp-image-72973\" srcset=\"https:\/\/diariodigitalmx.com\/wp-content\/uploads\/2022\/03\/IMG-20220316-WA0042-814x1024.jpg 814w, https:\/\/diariodigitalmx.com\/wp-content\/uploads\/2022\/03\/IMG-20220316-WA0042-239x300.jpg 239w, https:\/\/diariodigitalmx.com\/wp-content\/uploads\/2022\/03\/IMG-20220316-WA0042-768x966.jpg 768w, https:\/\/diariodigitalmx.com\/wp-content\/uploads\/2022\/03\/IMG-20220316-WA0042.jpg 1018w\" sizes=\"(max-width: 814px) 100vw, 814px\" \/><\/figure><\/li><li class=\"blocks-gallery-item\"><figure><img loading=\"lazy\" decoding=\"async\" width=\"1024\" height=\"682\" src=\"http:\/\/diariodigitalmx.com\/wp-content\/uploads\/2022\/03\/IMG-20220316-WA0040-1024x682.jpg\" alt=\"\" data-id=\"72974\" data-full-url=\"http:\/\/diariodigitalmx.com\/wp-content\/uploads\/2022\/03\/IMG-20220316-WA0040.jpg\" data-link=\"http:\/\/diariodigitalmx.com\/index.php\/2022\/03\/16\/charlas-de-taberna-2\/img-20220316-wa0040\/\" class=\"wp-image-72974\" srcset=\"https:\/\/diariodigitalmx.com\/wp-content\/uploads\/2022\/03\/IMG-20220316-WA0040-1024x682.jpg 1024w, https:\/\/diariodigitalmx.com\/wp-content\/uploads\/2022\/03\/IMG-20220316-WA0040-300x200.jpg 300w, https:\/\/diariodigitalmx.com\/wp-content\/uploads\/2022\/03\/IMG-20220316-WA0040-768x512.jpg 768w, https:\/\/diariodigitalmx.com\/wp-content\/uploads\/2022\/03\/IMG-20220316-WA0040.jpg 1280w\" sizes=\"(max-width: 1024px) 100vw, 1024px\" \/><\/figure><\/li><\/ul><\/figure>\n\n\n\n<p>Oriunda de Santa Mateo Xalpa, Xochimilco, comenta que el pasado fin de semana en el rancho \u201cEl Pitayo\u201d en el estado de Quer\u00e9taro, obtuvo el primer lugar de caladero femenil, con el caballo \u201cLe\u00f3n\u201d, consiguiendo una soberbia cala de 45 puntos.<\/p>\n\n\n\n<figure class=\"wp-block-image size-large\"><img loading=\"lazy\" decoding=\"async\" width=\"902\" height=\"1024\" src=\"http:\/\/diariodigitalmx.com\/wp-content\/uploads\/2022\/03\/IMG-20220316-WA0039-902x1024.jpg\" alt=\"\" class=\"wp-image-72976\" srcset=\"https:\/\/diariodigitalmx.com\/wp-content\/uploads\/2022\/03\/IMG-20220316-WA0039-902x1024.jpg 902w, https:\/\/diariodigitalmx.com\/wp-content\/uploads\/2022\/03\/IMG-20220316-WA0039-264x300.jpg 264w, https:\/\/diariodigitalmx.com\/wp-content\/uploads\/2022\/03\/IMG-20220316-WA0039-768x871.jpg 768w, https:\/\/diariodigitalmx.com\/wp-content\/uploads\/2022\/03\/IMG-20220316-WA0039.jpg 1128w\" sizes=\"(max-width: 902px) 100vw, 902px\" \/><\/figure>\n\n\n\n<p>Orgullosa de su origen, explica que sus abuelos maternos le inculcaron la charrer\u00eda, actualmente es la presidenta de la Asociaci\u00f3n de Charros hacendados de San Antonio; es decir, es la segunda mujer en presidir una asociaci\u00f3n a nivel nacional, enfatiza Fernanda P\u00e9rez Carre\u00f3n.<\/p>\n\n\n\n<figure class=\"wp-block-image size-large\"><img loading=\"lazy\" decoding=\"async\" width=\"1024\" height=\"682\" src=\"http:\/\/diariodigitalmx.com\/wp-content\/uploads\/2022\/03\/IMG-20220316-WA0038-1024x682.jpg\" alt=\"\" class=\"wp-image-72979\" srcset=\"https:\/\/diariodigitalmx.com\/wp-content\/uploads\/2022\/03\/IMG-20220316-WA0038-1024x682.jpg 1024w, https:\/\/diariodigitalmx.com\/wp-content\/uploads\/2022\/03\/IMG-20220316-WA0038-300x200.jpg 300w, https:\/\/diariodigitalmx.com\/wp-content\/uploads\/2022\/03\/IMG-20220316-WA0038-768x512.jpg 768w, https:\/\/diariodigitalmx.com\/wp-content\/uploads\/2022\/03\/IMG-20220316-WA0038.jpg 1280w\" sizes=\"(max-width: 1024px) 100vw, 1024px\" \/><\/figure>\n\n\n\n<p>Durante la charla, abunda que \u201cla charrer\u00eda es un deporte que nos da identidad, integra a toda la familia y fomenta el cuidado a los animales, los convierte en parte de la familia, adem\u00e1s que enaltece nuestras tradiciones\u201d.<\/p>\n\n\n\n<figure class=\"wp-block-image size-large\"><img loading=\"lazy\" decoding=\"async\" width=\"682\" height=\"1024\" src=\"http:\/\/diariodigitalmx.com\/wp-content\/uploads\/2022\/03\/IMG-20220316-WA0037-682x1024.jpg\" alt=\"\" class=\"wp-image-72981\" srcset=\"https:\/\/diariodigitalmx.com\/wp-content\/uploads\/2022\/03\/IMG-20220316-WA0037-682x1024.jpg 682w, https:\/\/diariodigitalmx.com\/wp-content\/uploads\/2022\/03\/IMG-20220316-WA0037-200x300.jpg 200w, https:\/\/diariodigitalmx.com\/wp-content\/uploads\/2022\/03\/IMG-20220316-WA0037-768x1152.jpg 768w, https:\/\/diariodigitalmx.com\/wp-content\/uploads\/2022\/03\/IMG-20220316-WA0037.jpg 853w\" sizes=\"(max-width: 682px) 100vw, 682px\" \/><\/figure>\n\n\n\n<p>En v\u00edsperas del certamen de la Flor M\u00e1s Bella del Ejido a realizarse en Xochimilco, los charros de la demarcaci\u00f3n har\u00e1n la entrega de reconocimientos a Arturo Valverde Morones como uno de los charros m\u00e1s destacados de la regi\u00f3n, quien ha fomentado profundamente la fiesta charra sobre todo entre la juventud.<\/p>\n\n\n\n<figure class=\"wp-block-image size-large\"><img loading=\"lazy\" decoding=\"async\" width=\"1024\" height=\"726\" src=\"http:\/\/diariodigitalmx.com\/wp-content\/uploads\/2022\/03\/IMG-20220316-WA0036-1024x726.jpg\" alt=\"\" class=\"wp-image-72983\" srcset=\"https:\/\/diariodigitalmx.com\/wp-content\/uploads\/2022\/03\/IMG-20220316-WA0036-1024x726.jpg 1024w, https:\/\/diariodigitalmx.com\/wp-content\/uploads\/2022\/03\/IMG-20220316-WA0036-300x213.jpg 300w, https:\/\/diariodigitalmx.com\/wp-content\/uploads\/2022\/03\/IMG-20220316-WA0036-768x545.jpg 768w, https:\/\/diariodigitalmx.com\/wp-content\/uploads\/2022\/03\/IMG-20220316-WA0036.jpg 1280w\" sizes=\"(max-width: 1024px) 100vw, 1024px\" \/><\/figure>\n\n\n\n<p>P\u00e9rez Carre\u00f3n ha combinado este deporte con su profesi\u00f3n de Contadur\u00eda P\u00fablica y Finanzas. Comenta que para lograr sus \u00e9xitos en la \u201ccala de caballos\u201d, dedica buen tiempo de la semana en su preparaci\u00f3n.<\/p>\n\n\n\n<figure class=\"wp-block-gallery columns-2 is-cropped wp-block-gallery-2 is-layout-flex wp-block-gallery-is-layout-flex\"><ul class=\"blocks-gallery-grid\"><li class=\"blocks-gallery-item\"><figure><img loading=\"lazy\" decoding=\"async\" width=\"844\" height=\"1024\" src=\"http:\/\/diariodigitalmx.com\/wp-content\/uploads\/2022\/03\/IMG-20220316-WA0035-844x1024.jpg\" alt=\"\" data-id=\"72987\" data-full-url=\"http:\/\/diariodigitalmx.com\/wp-content\/uploads\/2022\/03\/IMG-20220316-WA0035.jpg\" data-link=\"http:\/\/diariodigitalmx.com\/index.php\/2022\/03\/16\/charlas-de-taberna-2\/img-20220316-wa0035\/\" class=\"wp-image-72987\" srcset=\"https:\/\/diariodigitalmx.com\/wp-content\/uploads\/2022\/03\/IMG-20220316-WA0035-844x1024.jpg 844w, https:\/\/diariodigitalmx.com\/wp-content\/uploads\/2022\/03\/IMG-20220316-WA0035-247x300.jpg 247w, https:\/\/diariodigitalmx.com\/wp-content\/uploads\/2022\/03\/IMG-20220316-WA0035-768x932.jpg 768w, https:\/\/diariodigitalmx.com\/wp-content\/uploads\/2022\/03\/IMG-20220316-WA0035.jpg 1055w\" sizes=\"(max-width: 844px) 100vw, 844px\" \/><\/figure><\/li><li class=\"blocks-gallery-item\"><figure><img loading=\"lazy\" decoding=\"async\" width=\"682\" height=\"1024\" src=\"http:\/\/diariodigitalmx.com\/wp-content\/uploads\/2022\/03\/IMG-20220316-WA0034-682x1024.jpg\" alt=\"\" data-id=\"72988\" data-full-url=\"http:\/\/diariodigitalmx.com\/wp-content\/uploads\/2022\/03\/IMG-20220316-WA0034.jpg\" data-link=\"http:\/\/diariodigitalmx.com\/index.php\/2022\/03\/16\/charlas-de-taberna-2\/img-20220316-wa0034\/\" class=\"wp-image-72988\" srcset=\"https:\/\/diariodigitalmx.com\/wp-content\/uploads\/2022\/03\/IMG-20220316-WA0034-682x1024.jpg 682w, https:\/\/diariodigitalmx.com\/wp-content\/uploads\/2022\/03\/IMG-20220316-WA0034-200x300.jpg 200w, https:\/\/diariodigitalmx.com\/wp-content\/uploads\/2022\/03\/IMG-20220316-WA0034-768x1152.jpg 768w, https:\/\/diariodigitalmx.com\/wp-content\/uploads\/2022\/03\/IMG-20220316-WA0034.jpg 853w\" sizes=\"(max-width: 682px) 100vw, 682px\" \/><\/figure><\/li><\/ul><\/figure>\n\n\n\n<p>Fernanda P\u00e9rez, destaca la importancia de la declaratoria como Patrimonio Inmaterial de la Humanidad por la Organizaci\u00f3n de Naciones Unidas para la Educaci\u00f3n, la Ciencia y la Cultura (Unesco), lo que corona el arduo trabajo de la Asociaci\u00f3n Nacional de Charros y hace una abierta invitaci\u00f3n a las adolescentes y j\u00f3venes a integrarse a la charrer\u00eda, la cual, se profesionalizan, incluso se pr\u00e1ctica en toda la Rep\u00fablica Mexicana y parte de Estados Unidos.<\/p>\n","protected":false},"excerpt":{"rendered":"<p>*Mujer Xochimilca, trae la charrer\u00eda en la sangre Por Marcos H. Valerio La charrer\u00eda la lleva en la sangre, desde ni\u00f1a, Fernanda P\u00e9rez Carre\u00f3n empez\u00f3 a practicar el deporte de la charrer\u00eda ya a los 14 a\u00f1os, se inici\u00f3 profesionalmente con equipos de escaramuzas y a los 21 a\u00f1os continu\u00f3 en la categor\u00eda de \u201ccala [&hellip;]<\/p>\n","protected":false},"author":1,"featured_media":72972,"comment_status":"open","ping_status":"open","sticky":true,"template":"","format":"standard","meta":{"footnotes":""},"categories":[12,5],"tags":[],"_links":{"self":[{"href":"https:\/\/diariodigitalmx.com\/index.php\/wp-json\/wp\/v2\/posts\/72970"}],"collection":[{"href":"https:\/\/diariodigitalmx.com\/index.php\/wp-json\/wp\/v2\/posts"}],"about":[{"href":"https:\/\/diariodigitalmx.com\/index.php\/wp-json\/wp\/v2\/types\/post"}],"author":[{"embeddable":true,"href":"https:\/\/diariodigitalmx.com\/index.php\/wp-json\/wp\/v2\/users\/1"}],"replies":[{"embeddable":true,"href":"https:\/\/diariodigitalmx.com\/index.php\/wp-json\/wp\/v2\/comments?post=72970"}],"version-history":[{"count":7,"href":"https:\/\/diariodigitalmx.com\/index.php\/wp-json\/wp\/v2\/posts\/72970\/revisions"}],"predecessor-version":[{"id":72989,"href":"https:\/\/diariodigitalmx.com\/index.php\/wp-json\/wp\/v2\/posts\/72970\/revisions\/72989"}],"wp:featuredmedia":[{"embeddable":true,"href":"https:\/\/diariodigitalmx.com\/index.php\/wp-json\/wp\/v2\/media\/72972"}],"wp:attachment":[{"href":"https:\/\/diariodigitalmx.com\/index.php\/wp-json\/wp\/v2\/media?parent=72970"}],"wp:term":[{"taxonomy":"category","embeddable":true,"href":"https:\/\/diariodigitalmx.com\/index.php\/wp-json\/wp\/v2\/categories?post=72970"},{"taxonomy":"post_tag","embeddable":true,"href":"https:\/\/diariodigitalmx.com\/index.php\/wp-json\/wp\/v2\/tags?post=72970"}],"curies":[{"name":"wp","href":"https:\/\/api.w.org\/{rel}","templated":true}]}}