{"id":72993,"date":"2022-03-17T00:23:37","date_gmt":"2022-03-17T06:23:37","guid":{"rendered":"http:\/\/diariodigitalmx.com\/?p=72993"},"modified":"2022-03-17T00:25:36","modified_gmt":"2022-03-17T06:25:36","slug":"nace-decima-cria-de-condor-de-california-en-zoologico-de-chapultepec","status":"publish","type":"post","link":"https:\/\/diariodigitalmx.com\/index.php\/2022\/03\/17\/nace-decima-cria-de-condor-de-california-en-zoologico-de-chapultepec\/","title":{"rendered":"Nace d\u00e9cima cr\u00eda de C\u00f3ndor de California en Zool\u00f3gico de Chapultepec"},"content":{"rendered":"\n<p>&nbsp;CDMX &#8211; La Secretar\u00eda del Medio Ambiente (Sedema) de la Ciudad de M\u00e9xico, a trav\u00e9s de la Direcci\u00f3n General de Zool\u00f3gicos y Conservaci\u00f3n de la Fauna Silvestre, informa que, como parte del programa de Recuperaci\u00f3n del C\u00f3ndor de California, se registr\u00f3 el nacimiento de la d\u00e9cima cr\u00eda de c\u00f3ndor en el Zool\u00f3gico de Chapultepec:<\/p>\n\n\n\n<p>Se trata de un polluelo de C\u00f3ndor de California (Gymnogyps californianus) que naci\u00f3 el pasado 21 de febrero, resultado del programa de reproducci\u00f3n ex situ (fuera de su lugar de origen) de esta especie en zool\u00f3gicos y que forma parte del Programa Binacional para la Recuperaci\u00f3n y Conservaci\u00f3n del C\u00f3ndor de California, mediante un trabajo de colaboraci\u00f3n entre los gobiernos de M\u00e9xico y Estados Unidos.<\/p>\n\n\n\n<figure class=\"wp-block-image size-large\"><img loading=\"lazy\" decoding=\"async\" width=\"768\" height=\"1024\" src=\"http:\/\/diariodigitalmx.com\/wp-content\/uploads\/2022\/03\/IMG-20220317-WA0002-768x1024.jpg\" alt=\"\" class=\"wp-image-72997\" srcset=\"https:\/\/diariodigitalmx.com\/wp-content\/uploads\/2022\/03\/IMG-20220317-WA0002-768x1024.jpg 768w, https:\/\/diariodigitalmx.com\/wp-content\/uploads\/2022\/03\/IMG-20220317-WA0002-225x300.jpg 225w, https:\/\/diariodigitalmx.com\/wp-content\/uploads\/2022\/03\/IMG-20220317-WA0002.jpg 960w\" sizes=\"(max-width: 768px) 100vw, 768px\" \/><\/figure>\n\n\n\n<p>Esta cr\u00eda de c\u00f3ndor de California es la d\u00e9cima que nace&nbsp; bajo cuidado humano en el Zool\u00f3gico de Chapultepec y actualmente es alimentada por sus padres biol\u00f3gicos A-way y Sinya.<\/p>\n\n\n\n<p>La cr\u00eda es monitoreada de manera permanente por m\u00e9dicos veterinarios, bi\u00f3logos y cuidadores de animales para asegurarse que reciba alimento y los cuidados adecuados por parte de sus padres para su desarrollo y est\u00e1n preparados para intervenir si fuera necesario con el fin de garantizar la supervivencia de este valioso ejemplar .<\/p>\n\n\n\n<figure class=\"wp-block-image size-large\"><img loading=\"lazy\" decoding=\"async\" width=\"1024\" height=\"768\" src=\"http:\/\/diariodigitalmx.com\/wp-content\/uploads\/2022\/03\/IMG-20220317-WA0004-1024x768.jpg\" alt=\"\" class=\"wp-image-72999\" srcset=\"https:\/\/diariodigitalmx.com\/wp-content\/uploads\/2022\/03\/IMG-20220317-WA0004-1024x768.jpg 1024w, https:\/\/diariodigitalmx.com\/wp-content\/uploads\/2022\/03\/IMG-20220317-WA0004-300x225.jpg 300w, https:\/\/diariodigitalmx.com\/wp-content\/uploads\/2022\/03\/IMG-20220317-WA0004-768x576.jpg 768w, https:\/\/diariodigitalmx.com\/wp-content\/uploads\/2022\/03\/IMG-20220317-WA0004.jpg 1280w\" sizes=\"(max-width: 1024px) 100vw, 1024px\" \/><\/figure>\n\n\n\n<p>En vida silvestre, las cr\u00edas de c\u00f3ndores pasan alrededor de cinco meses dentro de sus nidos, dependen totalmente de la alimentaci\u00f3n y cuidados de sus padres, tiempo durante el cual llegan a emplumar para despu\u00e9s dar sus primeros vuelos, aventur\u00e1ndose fuera del nido.<\/p>\n\n\n\n<p>El programa de reproducci\u00f3n en zool\u00f3gicos ha sido fundamental para la recuperaci\u00f3n de esta especie que estuvo a punto de extinguirse y que, a mediados de la d\u00e9cada de los 80, solo quedaron 27 c\u00f3ndores en todo el mundo. En M\u00e9xico, entre 1930 y 1940 se registr\u00f3 el \u00faltimo avistamiento de c\u00f3ndor de California en vida silvestre.<\/p>\n\n\n\n<figure class=\"wp-block-image size-large\"><img loading=\"lazy\" decoding=\"async\" width=\"571\" height=\"785\" src=\"http:\/\/diariodigitalmx.com\/wp-content\/uploads\/2022\/03\/IMG-20220317-WA0001.jpg\" alt=\"\" class=\"wp-image-73001\" srcset=\"https:\/\/diariodigitalmx.com\/wp-content\/uploads\/2022\/03\/IMG-20220317-WA0001.jpg 571w, https:\/\/diariodigitalmx.com\/wp-content\/uploads\/2022\/03\/IMG-20220317-WA0001-218x300.jpg 218w\" sizes=\"(max-width: 571px) 100vw, 571px\" \/><\/figure>\n\n\n\n<p>Los Zool\u00f3gicos de la Ciudad de M\u00e9xico han aportado nueve cr\u00edas, cinco de las cuales han sido trasladadas a la Sierra de San Pedro M\u00e1rtir, en Baja California, y otras cuatro m\u00e1s est\u00e1n programadas para trasladarse para su pr\u00f3xima reintroducci\u00f3n con el prop\u00f3sito de recuperar la poblaci\u00f3n en vida silvestre en M\u00e9xico.<\/p>\n\n\n\n<p>Con el programa binacional de conservaci\u00f3n de esta especie, se reclasific\u00f3 al c\u00f3ndor de California de la categor\u00eda de \u201cProbablemente extinto en el medio silvestre\u201d a \u201cEn peligro de extinci\u00f3n\u201d alej\u00e1ndose de la extinci\u00f3n.&nbsp;<\/p>\n","protected":false},"excerpt":{"rendered":"<p>&nbsp;CDMX &#8211; La Secretar\u00eda del Medio Ambiente (Sedema) de la Ciudad de M\u00e9xico, a trav\u00e9s de la Direcci\u00f3n General de Zool\u00f3gicos y Conservaci\u00f3n de la Fauna Silvestre, informa que, como parte del programa de Recuperaci\u00f3n del C\u00f3ndor de California, se registr\u00f3 el nacimiento de la d\u00e9cima cr\u00eda de c\u00f3ndor en el Zool\u00f3gico de Chapultepec: Se [&hellip;]<\/p>\n","protected":false},"author":1,"featured_media":72995,"comment_status":"open","ping_status":"open","sticky":true,"template":"","format":"standard","meta":{"footnotes":""},"categories":[14,2],"tags":[],"_links":{"self":[{"href":"https:\/\/diariodigitalmx.com\/index.php\/wp-json\/wp\/v2\/posts\/72993"}],"collection":[{"href":"https:\/\/diariodigitalmx.com\/index.php\/wp-json\/wp\/v2\/posts"}],"about":[{"href":"https:\/\/diariodigitalmx.com\/index.php\/wp-json\/wp\/v2\/types\/post"}],"author":[{"embeddable":true,"href":"https:\/\/diariodigitalmx.com\/index.php\/wp-json\/wp\/v2\/users\/1"}],"replies":[{"embeddable":true,"href":"https:\/\/diariodigitalmx.com\/index.php\/wp-json\/wp\/v2\/comments?post=72993"}],"version-history":[{"count":5,"href":"https:\/\/diariodigitalmx.com\/index.php\/wp-json\/wp\/v2\/posts\/72993\/revisions"}],"predecessor-version":[{"id":73003,"href":"https:\/\/diariodigitalmx.com\/index.php\/wp-json\/wp\/v2\/posts\/72993\/revisions\/73003"}],"wp:featuredmedia":[{"embeddable":true,"href":"https:\/\/diariodigitalmx.com\/index.php\/wp-json\/wp\/v2\/media\/72995"}],"wp:attachment":[{"href":"https:\/\/diariodigitalmx.com\/index.php\/wp-json\/wp\/v2\/media?parent=72993"}],"wp:term":[{"taxonomy":"category","embeddable":true,"href":"https:\/\/diariodigitalmx.com\/index.php\/wp-json\/wp\/v2\/categories?post=72993"},{"taxonomy":"post_tag","embeddable":true,"href":"https:\/\/diariodigitalmx.com\/index.php\/wp-json\/wp\/v2\/tags?post=72993"}],"curies":[{"name":"wp","href":"https:\/\/api.w.org\/{rel}","templated":true}]}}