{"id":73025,"date":"2022-03-17T13:13:30","date_gmt":"2022-03-17T19:13:30","guid":{"rendered":"http:\/\/diariodigitalmx.com\/?p=73025"},"modified":"2022-03-17T13:14:55","modified_gmt":"2022-03-17T19:14:55","slug":"lider-del-pri-renuncia-y-se-suma-al-proyecto-de-americo-villarreal","status":"publish","type":"post","link":"https:\/\/diariodigitalmx.com\/index.php\/2022\/03\/17\/lider-del-pri-renuncia-y-se-suma-al-proyecto-de-americo-villarreal\/","title":{"rendered":"L\u00edder del PRI renuncia y se suma a Am\u00e9rico Villarreal"},"content":{"rendered":"\n<p><\/p>\n\n\n\n<p>M\u00e9ndez Tam.-El dirigente municipal del PRI en M\u00e9ndez, y actualmente regidor de este municipio, Guillermo Berrios Rodr\u00edguez, anuncio su renuncia al Partido Revolucionario Institucional y se incorpora al proyecto de Am\u00e9rico Villarreal Anaya, precandidato de Morena, por considerarlo una persona honesta y con un esp\u00edritu humanista.<br>En una carta firmada en donde expone su renuncia con car\u00e1cter de irrevocable, Guillermo Berrios Rodr\u00edguez, dice estar en desacuerdo con la alianza que se hizo con el PAN.<br>En esta ocasi\u00f3n apoyar\u00e9 a la \u00fanica persona que puede conducir el rumbo de Tamaulipas por su humanismo, honesto, trabajador y sencillo, me refiero al doctor Am\u00e9rico Villarreal Anaya, destac\u00f3.<br>\u201cEsta decisi\u00f3n que ha tomado el PRI en la alianza \u201cTodos Por Tamaulipas, PAN, PRI, PRD, se han tomado acuerdos que faltan a nuestros or\u00edgenes. En este contexto, he decidido renunciar a la presidencia del comit\u00e9 municipal del PRI en M\u00e9ndez Tamaulipas, as\u00ed como me convertir\u00e9 en un regidor ciudadano al servicio del pueblo del municipio antes referido\u201d, expres\u00f3 .<br>El ahora exdirigente priista, asumi\u00f3 el compromiso de trabajar en unidad en torno al proyecto de la cuarta transformaci\u00f3n, entregando toda su experiencia y liderazgo en favor del doctor Villarreal Anaya<br>Berrios Rodr\u00edguez, entrego por escrito su &nbsp;renuncia con car\u00e1cter de irrevocable al presidente del Comit\u00e9 Directivo Estatal del PRI, Edgardo Melhem Salinas.<br>Militantes de varios partidos se est\u00e1n sumando al Movimiento de Regeneraci\u00f3n Nacional, toda vez que con esta alianza amplia y plural e incluyente se busca lograr la transformaci\u00f3n de la vida p\u00fablica de nuestra entidad.<\/p>\n","protected":false},"excerpt":{"rendered":"<p>M\u00e9ndez Tam.-El dirigente municipal del PRI en M\u00e9ndez, y actualmente regidor de este municipio, Guillermo Berrios Rodr\u00edguez, anuncio su renuncia al Partido Revolucionario Institucional y se incorpora al proyecto de Am\u00e9rico Villarreal Anaya, precandidato de Morena, por considerarlo una persona honesta y con un esp\u00edritu humanista.En una carta firmada en donde expone su renuncia con [&hellip;]<\/p>\n","protected":false},"author":1,"featured_media":73027,"comment_status":"open","ping_status":"open","sticky":true,"template":"","format":"standard","meta":{"footnotes":""},"categories":[5,19],"tags":[],"_links":{"self":[{"href":"https:\/\/diariodigitalmx.com\/index.php\/wp-json\/wp\/v2\/posts\/73025"}],"collection":[{"href":"https:\/\/diariodigitalmx.com\/index.php\/wp-json\/wp\/v2\/posts"}],"about":[{"href":"https:\/\/diariodigitalmx.com\/index.php\/wp-json\/wp\/v2\/types\/post"}],"author":[{"embeddable":true,"href":"https:\/\/diariodigitalmx.com\/index.php\/wp-json\/wp\/v2\/users\/1"}],"replies":[{"embeddable":true,"href":"https:\/\/diariodigitalmx.com\/index.php\/wp-json\/wp\/v2\/comments?post=73025"}],"version-history":[{"count":3,"href":"https:\/\/diariodigitalmx.com\/index.php\/wp-json\/wp\/v2\/posts\/73025\/revisions"}],"predecessor-version":[{"id":73029,"href":"https:\/\/diariodigitalmx.com\/index.php\/wp-json\/wp\/v2\/posts\/73025\/revisions\/73029"}],"wp:featuredmedia":[{"embeddable":true,"href":"https:\/\/diariodigitalmx.com\/index.php\/wp-json\/wp\/v2\/media\/73027"}],"wp:attachment":[{"href":"https:\/\/diariodigitalmx.com\/index.php\/wp-json\/wp\/v2\/media?parent=73025"}],"wp:term":[{"taxonomy":"category","embeddable":true,"href":"https:\/\/diariodigitalmx.com\/index.php\/wp-json\/wp\/v2\/categories?post=73025"},{"taxonomy":"post_tag","embeddable":true,"href":"https:\/\/diariodigitalmx.com\/index.php\/wp-json\/wp\/v2\/tags?post=73025"}],"curies":[{"name":"wp","href":"https:\/\/api.w.org\/{rel}","templated":true}]}}