{"id":7303,"date":"2019-07-04T17:36:21","date_gmt":"2019-07-04T22:36:21","guid":{"rendered":"http:\/\/diariodigitalmx.com\/?p=7303"},"modified":"2019-07-04T17:36:51","modified_gmt":"2019-07-04T22:36:51","slug":"por-amenazas-y-dano-moral-interpone-denuncia-paola-espinosa","status":"publish","type":"post","link":"https:\/\/diariodigitalmx.com\/index.php\/2019\/07\/04\/por-amenazas-y-dano-moral-interpone-denuncia-paola-espinosa\/","title":{"rendered":"Por amenazas y da\u00f1o moral, interpone denuncia Paola Espinosa"},"content":{"rendered":"\n<p><em>*La medallista ol\u00edmpica y mundial de clavados,\nPaola Espinosa denunci\u00f3 ante la Fiscal\u00eda General de la Rep\u00fablica amenazas\ntelef\u00ednicas<\/em><\/p>\n\n\n\n<p>Antes de viajar a&nbsp;<strong>Gwangju<\/strong>,&nbsp;<strong>Corea\ndel Sur<\/strong>, para participar en el&nbsp;<strong>Campeonato Mundial de Nataci\u00f3n FINA.<\/strong>&nbsp;La\nmedallista ol\u00edmpica y mundial de clavados,&nbsp;<strong>Paola Espinosa<\/strong>&nbsp;declar\u00f3\nque teme por su vida y la de su hija&nbsp;<strong>Ivana<\/strong>, ya que ha\nrecibido amenazas v\u00eda telef\u00f3nica y redes sociales, motivo por el cual interpuso\nuna demanda.<\/p>\n\n\n\n<p><em>\u201cHe\npedido respeto de una u otra manera, a trav\u00e9s de ustedes, y hoy les quiero\nense\u00f1ar un papel. Estoy presentando una denuncia por amenazas que he recibido\nen este tiempo. Creo que ya no se puede jugar con la seguridad de mi hija, con\nla seguridad de mi familia.<\/em><em><br>\n<\/em>Tambi\u00e9n estoy presentando una demanda por da\u00f1o moral a quien\nresulte responsable, ya sea en redes sociales y medios (de comunicaci\u00f3n), y\ntambi\u00e9n si me pasa algo f\u00edsicamente a m\u00ed, a mi hija o a mi familia, estar\nprotegida ante la Ley\u201d.<\/p>\n\n\n\n<figure class=\"wp-block-image\"><img loading=\"lazy\" decoding=\"async\" width=\"696\" height=\"928\" src=\"http:\/\/diariodigitalmx.com\/wp-content\/uploads\/2019\/07\/Denuncia-Paola.jpg\" alt=\"\" class=\"wp-image-7306\" srcset=\"https:\/\/diariodigitalmx.com\/wp-content\/uploads\/2019\/07\/Denuncia-Paola.jpg 696w, https:\/\/diariodigitalmx.com\/wp-content\/uploads\/2019\/07\/Denuncia-Paola-225x300.jpg 225w\" sizes=\"(max-width: 696px) 100vw, 696px\" \/><\/figure>\n","protected":false},"excerpt":{"rendered":"<p>*La medallista ol\u00edmpica y mundial de clavados, Paola Espinosa denunci\u00f3 ante la Fiscal\u00eda General de la Rep\u00fablica amenazas telef\u00ednicas Antes de viajar a&nbsp;Gwangju,&nbsp;Corea del Sur, para participar en el&nbsp;Campeonato Mundial de Nataci\u00f3n FINA.&nbsp;La medallista ol\u00edmpica y mundial de clavados,&nbsp;Paola Espinosa&nbsp;declar\u00f3 que teme por su vida y la de su hija&nbsp;Ivana, ya que ha recibido amenazas [&hellip;]<\/p>\n","protected":false},"author":1,"featured_media":7305,"comment_status":"open","ping_status":"open","sticky":true,"template":"","format":"standard","meta":{"footnotes":""},"categories":[8],"tags":[],"_links":{"self":[{"href":"https:\/\/diariodigitalmx.com\/index.php\/wp-json\/wp\/v2\/posts\/7303"}],"collection":[{"href":"https:\/\/diariodigitalmx.com\/index.php\/wp-json\/wp\/v2\/posts"}],"about":[{"href":"https:\/\/diariodigitalmx.com\/index.php\/wp-json\/wp\/v2\/types\/post"}],"author":[{"embeddable":true,"href":"https:\/\/diariodigitalmx.com\/index.php\/wp-json\/wp\/v2\/users\/1"}],"replies":[{"embeddable":true,"href":"https:\/\/diariodigitalmx.com\/index.php\/wp-json\/wp\/v2\/comments?post=7303"}],"version-history":[{"count":2,"href":"https:\/\/diariodigitalmx.com\/index.php\/wp-json\/wp\/v2\/posts\/7303\/revisions"}],"predecessor-version":[{"id":7307,"href":"https:\/\/diariodigitalmx.com\/index.php\/wp-json\/wp\/v2\/posts\/7303\/revisions\/7307"}],"wp:featuredmedia":[{"embeddable":true,"href":"https:\/\/diariodigitalmx.com\/index.php\/wp-json\/wp\/v2\/media\/7305"}],"wp:attachment":[{"href":"https:\/\/diariodigitalmx.com\/index.php\/wp-json\/wp\/v2\/media?parent=7303"}],"wp:term":[{"taxonomy":"category","embeddable":true,"href":"https:\/\/diariodigitalmx.com\/index.php\/wp-json\/wp\/v2\/categories?post=7303"},{"taxonomy":"post_tag","embeddable":true,"href":"https:\/\/diariodigitalmx.com\/index.php\/wp-json\/wp\/v2\/tags?post=7303"}],"curies":[{"name":"wp","href":"https:\/\/api.w.org\/{rel}","templated":true}]}}