{"id":73030,"date":"2022-03-17T16:46:33","date_gmt":"2022-03-17T22:46:33","guid":{"rendered":"http:\/\/diariodigitalmx.com\/?p=73030"},"modified":"2022-03-17T16:47:25","modified_gmt":"2022-03-17T22:47:25","slug":"el-bronco-en-manos-de-la-autoridad-federal","status":"publish","type":"post","link":"https:\/\/diariodigitalmx.com\/index.php\/2022\/03\/17\/el-bronco-en-manos-de-la-autoridad-federal\/","title":{"rendered":"El Bronco en manos de la autoridad federal"},"content":{"rendered":"\n<p>Walter Elizondo <\/p>\n\n\n\n<p>Monterrey &#8211; La defensa de Jaime Rodr\u00edguez Calder\u00f3n calific\u00f3 de incorrecto que se haya establecido la prisi\u00f3n preventiva en contra de su cliente, el ex gobernador de Nuevo Le\u00f3n.<\/p>\n\n\n\n<p>&#8220;Creemos de manera muy categ\u00f3rica que la decisi\u00f3n del Juez de control por medio de la cual decret\u00f3 la prisi\u00f3n preventiva en contra del ingeniero, es incorrecta, es infundada&#8221;, indic\u00f3 el abogado V\u00edctor&nbsp; Ol\u00e9a Pel\u00e1ez.<\/p>\n\n\n\n<p>Mientras tanto, el ex gobernador est\u00e1 ahora a disposici\u00f3n de la autoridad federal y ya no de la estatal.&nbsp;<\/p>\n\n\n\n<p>El equipo de abogados del Bronco est\u00e1 en espera de que se env\u00ede el expediente y se radique, y en su caso que el Juez federal acepte la competencia que se le ha declinado.<\/p>\n\n\n\n<figure class=\"wp-block-image size-large\"><img loading=\"lazy\" decoding=\"async\" width=\"732\" height=\"390\" src=\"http:\/\/diariodigitalmx.com\/wp-content\/uploads\/2022\/03\/IMG-20220317-WA0015.jpg\" alt=\"\" class=\"wp-image-73033\" srcset=\"https:\/\/diariodigitalmx.com\/wp-content\/uploads\/2022\/03\/IMG-20220317-WA0015.jpg 732w, https:\/\/diariodigitalmx.com\/wp-content\/uploads\/2022\/03\/IMG-20220317-WA0015-300x160.jpg 300w\" sizes=\"(max-width: 732px) 100vw, 732px\" \/><\/figure>\n\n\n\n<p>Ol\u00e9a Pel\u00e1ez aclar\u00f3 que ser\u00e1 un juez federal quien determine si reduce las medidas cautelares, pero recalc\u00f3 a la prensa que no han promovido amparos para que Rodr\u00edguez Calder\u00f3n enfrente en libertad el proceso penal.&nbsp;<\/p>\n\n\n\n<p>El abogado, acompa\u00f1ado de su colega Gabriel Garc\u00eda, revel\u00f3 tambi\u00e9n que la Fiscal\u00eda&nbsp; inici\u00f3 una investigaci\u00f3n al judicializar una carpeta&nbsp; por un supuesto delito de abuso de autoridad.&nbsp;<\/p>\n\n\n\n<p>Sin embargo,&nbsp; desconocen m\u00e1s al respecto, todav\u00eda que no fueron&nbsp; notificados al menos hasta despu\u00e9s de mediod\u00eda.&nbsp;<\/p>\n\n\n\n<p>&#8220;Lo manifest\u00f3 verbalmente en el contexto de la audiencia pero no hemos sido notificados ni citados para ninguna audiencia al respecto por lo cual desconocemos cu\u00e1les sean las situaciones y los m\u00e9ritos de esa carpeta&#8221;, a\u00f1adi\u00f3.&nbsp;<\/p>\n\n\n\n<p>Olea, se\u00f1al\u00f3 que al pasar el caso a un juez de Distrito Federal, deber\u00e1n de crear una nueva estrategia misma que ser\u00e1 supervisada por su cliente.<\/p>\n\n\n\n<p>&#8220;Al mismo tiempo el juez determin\u00f3, la petici\u00f3n de la defensa de decretar la incompetencia por declinaroria; es decir, que se declar\u00f3 incompetente y mandar\u00e1 todo el expediente hacia el poder judicial de la federaci\u00f3n, y poniendo a disposici\u00f3n al ex gobernador al poder judicial federal&#8221;.<\/p>\n\n\n\n<p>Adem\u00e1s, dijo, los delitos por los cuales se encuentra detenido el ex gobernador no ameritan prisi\u00f3n preventiva oficiosa, por lo que, insisti\u00f3, es una detenci\u00f3n injustificada.<\/p>\n\n\n\n<p>Los abogados del ex Gobernador estuvieron en el Cereso 2 de Apodaca a donde se encuentra su cliente desde el martes.&nbsp;<\/p>\n","protected":false},"excerpt":{"rendered":"<p>Walter Elizondo Monterrey &#8211; La defensa de Jaime Rodr\u00edguez Calder\u00f3n calific\u00f3 de incorrecto que se haya establecido la prisi\u00f3n preventiva en contra de su cliente, el ex gobernador de Nuevo Le\u00f3n. &#8220;Creemos de manera muy categ\u00f3rica que la decisi\u00f3n del Juez de control por medio de la cual decret\u00f3 la prisi\u00f3n preventiva en contra del [&hellip;]<\/p>\n","protected":false},"author":1,"featured_media":73032,"comment_status":"open","ping_status":"open","sticky":true,"template":"","format":"standard","meta":{"footnotes":""},"categories":[6,3],"tags":[],"_links":{"self":[{"href":"https:\/\/diariodigitalmx.com\/index.php\/wp-json\/wp\/v2\/posts\/73030"}],"collection":[{"href":"https:\/\/diariodigitalmx.com\/index.php\/wp-json\/wp\/v2\/posts"}],"about":[{"href":"https:\/\/diariodigitalmx.com\/index.php\/wp-json\/wp\/v2\/types\/post"}],"author":[{"embeddable":true,"href":"https:\/\/diariodigitalmx.com\/index.php\/wp-json\/wp\/v2\/users\/1"}],"replies":[{"embeddable":true,"href":"https:\/\/diariodigitalmx.com\/index.php\/wp-json\/wp\/v2\/comments?post=73030"}],"version-history":[{"count":2,"href":"https:\/\/diariodigitalmx.com\/index.php\/wp-json\/wp\/v2\/posts\/73030\/revisions"}],"predecessor-version":[{"id":73034,"href":"https:\/\/diariodigitalmx.com\/index.php\/wp-json\/wp\/v2\/posts\/73030\/revisions\/73034"}],"wp:featuredmedia":[{"embeddable":true,"href":"https:\/\/diariodigitalmx.com\/index.php\/wp-json\/wp\/v2\/media\/73032"}],"wp:attachment":[{"href":"https:\/\/diariodigitalmx.com\/index.php\/wp-json\/wp\/v2\/media?parent=73030"}],"wp:term":[{"taxonomy":"category","embeddable":true,"href":"https:\/\/diariodigitalmx.com\/index.php\/wp-json\/wp\/v2\/categories?post=73030"},{"taxonomy":"post_tag","embeddable":true,"href":"https:\/\/diariodigitalmx.com\/index.php\/wp-json\/wp\/v2\/tags?post=73030"}],"curies":[{"name":"wp","href":"https:\/\/api.w.org\/{rel}","templated":true}]}}