{"id":73050,"date":"2022-03-17T19:52:55","date_gmt":"2022-03-18T01:52:55","guid":{"rendered":"http:\/\/diariodigitalmx.com\/?p=73050"},"modified":"2022-03-17T19:53:52","modified_gmt":"2022-03-18T01:53:52","slug":"de-las-bronco-firmas-a-dinero-de-procedencia-ilicita","status":"publish","type":"post","link":"https:\/\/diariodigitalmx.com\/index.php\/2022\/03\/17\/de-las-bronco-firmas-a-dinero-de-procedencia-ilicita\/","title":{"rendered":"De las Bronco firmas a dinero de procedencia il\u00edcita"},"content":{"rendered":"\n<p>Ra\u00fal Guajardo Cant\u00fa <\/p>\n\n\n\n<p>La detenci\u00f3n del exgobernador del estado Jaime Rodr\u00edguez Calder\u00f3n, se presta a muchas confusiones, en principio, se piensa que se debe a alguna investigaci\u00f3n iniciada por esta administraci\u00f3n, cuando la investigaci\u00f3n viene de 2018 cuando el hoy gobernador denunci\u00f3 el desv\u00edo de recursos en la recolecci\u00f3n de firmas para el registro del Bronco como candidato independiente a la presidencia de la Rep\u00fablica.<\/p>\n\n\n\n<p>Luego de ser detenido debido a una orden de aprehensi\u00f3n otorgada por un juez de control local, fue vinculado a proceso y recibi\u00f3 prisi\u00f3n preventiva, a\u00fan cuando los delitos electorales no eran considerados graves en las fechas en que presuntamente se cometi\u00f3 este.<\/p>\n\n\n\n<p>El caso es que luego de vincularlo a proceso, el juez local se declar\u00f3 incompetente para continuar con el caso debido a que el delito, en caso de haberlo, es de orden federal y debe ser un juez federal quien se pronuncie al respecto. Algunos art\u00edculos period\u00edsticos se\u00f1alan que el juez se pronunci\u00f3 en el caso debido a los tiempos procesales que eran de car\u00e1cter urgente.<\/p>\n\n\n\n<p>Es probable que el juez federal que tome el caso, sobre el cual ya se pronunciaron tanto el INE como el TRIFE, revoque la prisi\u00f3n preventiva debido a que el delito no era considerado grave en 2018, pero adem\u00e1s porque siendo un exgobernador se encuentra custodiado por elementos de la Agencia Estatal de Investigaci\u00f3n o Fuerza Civil durante las 24 horas del d\u00eda, lo que pr\u00e1cticamente har\u00eda imposible su huida.<\/p>\n\n\n\n<p>Hay quienes piensan que ya que el exgobernador se encuentra en el penal deber\u00edan ligarse otros presuntos delitos para que le sea imposible salir, sin embargo, debemos ser cuidadosos del debido proceso, que debe ser respetado para todos, adem\u00e1s de que la integraci\u00f3n de las carpetas de investigaci\u00f3n no es tan sencilla como algunos piensan, las notas de peri\u00f3dico no constituyen pruebas en un juicio.<\/p>\n\n\n\n<p>No est\u00e1 dicha la \u00faltima palabra en este caso y debemos esperar el desenlace.<\/p>\n","protected":false},"excerpt":{"rendered":"<p>Ra\u00fal Guajardo Cant\u00fa La detenci\u00f3n del exgobernador del estado Jaime Rodr\u00edguez Calder\u00f3n, se presta a muchas confusiones, en principio, se piensa que se debe a alguna investigaci\u00f3n iniciada por esta administraci\u00f3n, cuando la investigaci\u00f3n viene de 2018 cuando el hoy gobernador denunci\u00f3 el desv\u00edo de recursos en la recolecci\u00f3n de firmas para el registro del [&hellip;]<\/p>\n","protected":false},"author":1,"featured_media":73052,"comment_status":"open","ping_status":"open","sticky":true,"template":"","format":"standard","meta":{"footnotes":""},"categories":[12,5],"tags":[],"_links":{"self":[{"href":"https:\/\/diariodigitalmx.com\/index.php\/wp-json\/wp\/v2\/posts\/73050"}],"collection":[{"href":"https:\/\/diariodigitalmx.com\/index.php\/wp-json\/wp\/v2\/posts"}],"about":[{"href":"https:\/\/diariodigitalmx.com\/index.php\/wp-json\/wp\/v2\/types\/post"}],"author":[{"embeddable":true,"href":"https:\/\/diariodigitalmx.com\/index.php\/wp-json\/wp\/v2\/users\/1"}],"replies":[{"embeddable":true,"href":"https:\/\/diariodigitalmx.com\/index.php\/wp-json\/wp\/v2\/comments?post=73050"}],"version-history":[{"count":1,"href":"https:\/\/diariodigitalmx.com\/index.php\/wp-json\/wp\/v2\/posts\/73050\/revisions"}],"predecessor-version":[{"id":73051,"href":"https:\/\/diariodigitalmx.com\/index.php\/wp-json\/wp\/v2\/posts\/73050\/revisions\/73051"}],"wp:featuredmedia":[{"embeddable":true,"href":"https:\/\/diariodigitalmx.com\/index.php\/wp-json\/wp\/v2\/media\/73052"}],"wp:attachment":[{"href":"https:\/\/diariodigitalmx.com\/index.php\/wp-json\/wp\/v2\/media?parent=73050"}],"wp:term":[{"taxonomy":"category","embeddable":true,"href":"https:\/\/diariodigitalmx.com\/index.php\/wp-json\/wp\/v2\/categories?post=73050"},{"taxonomy":"post_tag","embeddable":true,"href":"https:\/\/diariodigitalmx.com\/index.php\/wp-json\/wp\/v2\/tags?post=73050"}],"curies":[{"name":"wp","href":"https:\/\/api.w.org\/{rel}","templated":true}]}}