{"id":73063,"date":"2022-03-17T23:05:39","date_gmt":"2022-03-18T05:05:39","guid":{"rendered":"http:\/\/diariodigitalmx.com\/?p=73063"},"modified":"2022-03-17T23:06:52","modified_gmt":"2022-03-18T05:06:52","slug":"el-bronco-esta-enfermo-lo-vista-el-doctor-de-la-o","status":"publish","type":"post","link":"https:\/\/diariodigitalmx.com\/index.php\/2022\/03\/17\/el-bronco-esta-enfermo-lo-vista-el-doctor-de-la-o\/","title":{"rendered":"El Bronco est\u00e1 enfermo; lo visita el Doctor de la O"},"content":{"rendered":"\n<p>Walter Elizondo <\/p>\n\n\n\n<p>Monterrey &#8211; El Bronco se encuentra mal de salud, fue atendido en el Penal 2 de Apodaca donde est\u00e1 recluido desde el martes pasado.&nbsp;<\/p>\n\n\n\n<p>Aunque no defini\u00f3 que es lo que le pasa,&nbsp; el ex secretario de Salud estatal en su gobierno, Manuel de la O. Cavazos, acudi\u00f3 a revisarlo.&nbsp;<\/p>\n\n\n\n<p>&#8220;Se encuentra mal de salud, por eso vinimos. Dejen que lo revisen y ya platicamos&#8221;, inform\u00f3 el m\u00e9dico que&nbsp; lleg\u00f3&nbsp; al Penal de Apodaca donde se encuentra detenido El Bronco, desde el martes pasado.&nbsp;<\/p>\n\n\n\n<p>\u201cVenimos a revisar al ingeniero est\u00e1 un poco malito de salud, por eso venimos. Primero que lo revise el doctor y ahorita platico con ustedes. Ya que lo revise lo platico con ustedes, est\u00e1 delicado\u201d, insisti\u00f3.<\/p>\n\n\n\n<p>El ex titular de Salud quien apareci\u00f3 a diario para informar sobre sobre la pandemia, lleg\u00f3 acompa\u00f1ado de otro doctor identificado como Carlos Elizondo.&nbsp;<\/p>\n\n\n\n<p>Aunque no se inform\u00f3, extraoficialmente se sabe que el m\u00e9dico Elizondo que vest\u00eda una bata blanca con el logotipo del hospital Doctors Hospital, un nosocomio privado, es gastroenter\u00f3logo.<\/p>\n\n\n\n<p>El m\u00e9dico Elizondo ingres\u00f3 primero al centro penitenciario y luego lo hizo Manuel de la O. Cavazos.&nbsp;<\/p>\n","protected":false},"excerpt":{"rendered":"<p>Walter Elizondo Monterrey &#8211; El Bronco se encuentra mal de salud, fue atendido en el Penal 2 de Apodaca donde est\u00e1 recluido desde el martes pasado.&nbsp; Aunque no defini\u00f3 que es lo que le pasa,&nbsp; el ex secretario de Salud estatal en su gobierno, Manuel de la O. Cavazos, acudi\u00f3 a revisarlo.&nbsp; &#8220;Se encuentra mal [&hellip;]<\/p>\n","protected":false},"author":1,"featured_media":73066,"comment_status":"open","ping_status":"open","sticky":false,"template":"","format":"standard","meta":{"footnotes":""},"categories":[6,3],"tags":[],"_links":{"self":[{"href":"https:\/\/diariodigitalmx.com\/index.php\/wp-json\/wp\/v2\/posts\/73063"}],"collection":[{"href":"https:\/\/diariodigitalmx.com\/index.php\/wp-json\/wp\/v2\/posts"}],"about":[{"href":"https:\/\/diariodigitalmx.com\/index.php\/wp-json\/wp\/v2\/types\/post"}],"author":[{"embeddable":true,"href":"https:\/\/diariodigitalmx.com\/index.php\/wp-json\/wp\/v2\/users\/1"}],"replies":[{"embeddable":true,"href":"https:\/\/diariodigitalmx.com\/index.php\/wp-json\/wp\/v2\/comments?post=73063"}],"version-history":[{"count":2,"href":"https:\/\/diariodigitalmx.com\/index.php\/wp-json\/wp\/v2\/posts\/73063\/revisions"}],"predecessor-version":[{"id":73065,"href":"https:\/\/diariodigitalmx.com\/index.php\/wp-json\/wp\/v2\/posts\/73063\/revisions\/73065"}],"wp:featuredmedia":[{"embeddable":true,"href":"https:\/\/diariodigitalmx.com\/index.php\/wp-json\/wp\/v2\/media\/73066"}],"wp:attachment":[{"href":"https:\/\/diariodigitalmx.com\/index.php\/wp-json\/wp\/v2\/media?parent=73063"}],"wp:term":[{"taxonomy":"category","embeddable":true,"href":"https:\/\/diariodigitalmx.com\/index.php\/wp-json\/wp\/v2\/categories?post=73063"},{"taxonomy":"post_tag","embeddable":true,"href":"https:\/\/diariodigitalmx.com\/index.php\/wp-json\/wp\/v2\/tags?post=73063"}],"curies":[{"name":"wp","href":"https:\/\/api.w.org\/{rel}","templated":true}]}}