{"id":73067,"date":"2022-03-17T23:58:35","date_gmt":"2022-03-18T05:58:35","guid":{"rendered":"http:\/\/diariodigitalmx.com\/?p=73067"},"modified":"2022-03-17T23:59:03","modified_gmt":"2022-03-18T05:59:03","slug":"sin-triunfalismos-samuel","status":"publish","type":"post","link":"https:\/\/diariodigitalmx.com\/index.php\/2022\/03\/17\/sin-triunfalismos-samuel\/","title":{"rendered":"Sin triunfalismos, Samuel"},"content":{"rendered":"\n<p>Por Salvador Hern\u00e1ndez <strong><em>LANDEROS<\/em><\/strong><\/p>\n\n\n\n<p><strong><em>Gobernar es cosa seria. Sin alardes ni triunfalismos<\/em><\/strong>, Samuel Garc\u00eda debe comprender que el palacio de cantera suele ser como <strong><em>\u201cla casa de jabonero<\/em><\/strong>\u201d.<\/p>\n\n\n\n<p>Administrar los bienes del Estado es muy riesgoso. No hay edad para perder el piso. \u201c<strong><em>Una borrachera de poder por seis a\u00f1os causa una cruda de por vida\u201d<\/em><\/strong>.&nbsp;<\/p>\n\n\n\n<p>Meter en la c\u00e1rcel a Jaime Rodr\u00edguez Calder\u00f3n, la mayor\u00eda de la ciudadan\u00eda no se la cree. <strong><em>As\u00ed se quede una semana o un mes encerrado, no se la van a creer<\/em><\/strong>.<\/p>\n\n\n\n<p>Antes que encerrar a <strong><em>\u201cEl Bronco<\/em><\/strong>\u201d, debi\u00f3 encarcelar al principal causante de ese delito. <strong><em>Y adem\u00e1s de Manuel Gonz\u00e1lez Flores, a otros funcionarios activos<\/em><\/strong>.<\/p>\n\n\n\n<p>La ciudadan\u00eda ve con malos ojos que el tesorero y el secretario de seguridad, <strong><em>quienes colaboraron con el ahora presidiario, est\u00e9n en la n\u00f3mina actual<\/em><\/strong>.<\/p>\n\n\n\n<p>Por ah\u00ed se cuchichea el qu\u00e9 sentir\u00e1n Carlos Garza y Aldo Fasci, el que su ex jefe est\u00e9 preso. <strong><em>Y si su papel actual es el de \u201ctestigos protegidos\u201d o de \u201cJudas\u201d.<\/em><\/strong><\/p>\n\n\n\n<p><strong><em>Cumplir con el deber o con la obligaci\u00f3n no es para echar las \u201ccampanas al vuelo<\/em><\/strong>\u201d. Hay muchos problemas que los nuevoleoneses se los van a reclamar.<\/p>\n\n\n\n<p><strong><em>Samuel Garc\u00eda dijo lo siguiente: \u201cEstoy tranquilo porque hemos hecho lo correcto y porque la Fiscal\u00eda y el Poder Judicial son instituciones aut\u00f3nomas, profesionales, que actuar\u00e1n con total apego a la Ley y le har\u00e1n justicia a nuestro Estado\u201d. (sic)<\/em><\/strong><\/p>\n\n\n\n<p>Si dice <strong><em>\u201cEstoy tranquilo porque hemos hecho\u201d, (hemos hecho kimo sabi<\/em><\/strong>) en d\u00f3nde est\u00e1 la autonom\u00eda de la Fiscal\u00eda y el Poder Judicial. <strong><em>No fue triunfo suyo<\/em><\/strong>.<\/p>\n\n\n\n<p>Y si la Fiscal\u00eda o el Poder Judicial <strong><em>\u201cactuar\u00e1n con apego a la Ley<\/em><\/strong>\u201d, ah\u00ed hay un titular o vocero, <strong><em>para que informen y Samuel se dedique a lo suyo<\/em><\/strong>. \u00a1A trabajar!<\/p>\n\n\n\n<p><a href=\"mailto:chavalolanderos@yahoo.com.mx\"><strong><em>chavalolanderos@yahoo.com.mx<\/em><\/strong><\/a><\/p>\n","protected":false},"excerpt":{"rendered":"<p>Por Salvador Hern\u00e1ndez LANDEROS Gobernar es cosa seria. Sin alardes ni triunfalismos, Samuel Garc\u00eda debe comprender que el palacio de cantera suele ser como \u201cla casa de jabonero\u201d. Administrar los bienes del Estado es muy riesgoso. No hay edad para perder el piso. \u201cUna borrachera de poder por seis a\u00f1os causa una cruda de por [&hellip;]<\/p>\n","protected":false},"author":1,"featured_media":72909,"comment_status":"open","ping_status":"open","sticky":true,"template":"","format":"standard","meta":{"footnotes":""},"categories":[14,12],"tags":[],"_links":{"self":[{"href":"https:\/\/diariodigitalmx.com\/index.php\/wp-json\/wp\/v2\/posts\/73067"}],"collection":[{"href":"https:\/\/diariodigitalmx.com\/index.php\/wp-json\/wp\/v2\/posts"}],"about":[{"href":"https:\/\/diariodigitalmx.com\/index.php\/wp-json\/wp\/v2\/types\/post"}],"author":[{"embeddable":true,"href":"https:\/\/diariodigitalmx.com\/index.php\/wp-json\/wp\/v2\/users\/1"}],"replies":[{"embeddable":true,"href":"https:\/\/diariodigitalmx.com\/index.php\/wp-json\/wp\/v2\/comments?post=73067"}],"version-history":[{"count":1,"href":"https:\/\/diariodigitalmx.com\/index.php\/wp-json\/wp\/v2\/posts\/73067\/revisions"}],"predecessor-version":[{"id":73068,"href":"https:\/\/diariodigitalmx.com\/index.php\/wp-json\/wp\/v2\/posts\/73067\/revisions\/73068"}],"wp:featuredmedia":[{"embeddable":true,"href":"https:\/\/diariodigitalmx.com\/index.php\/wp-json\/wp\/v2\/media\/72909"}],"wp:attachment":[{"href":"https:\/\/diariodigitalmx.com\/index.php\/wp-json\/wp\/v2\/media?parent=73067"}],"wp:term":[{"taxonomy":"category","embeddable":true,"href":"https:\/\/diariodigitalmx.com\/index.php\/wp-json\/wp\/v2\/categories?post=73067"},{"taxonomy":"post_tag","embeddable":true,"href":"https:\/\/diariodigitalmx.com\/index.php\/wp-json\/wp\/v2\/tags?post=73067"}],"curies":[{"name":"wp","href":"https:\/\/api.w.org\/{rel}","templated":true}]}}