{"id":73073,"date":"2022-03-18T06:57:45","date_gmt":"2022-03-18T12:57:45","guid":{"rendered":"http:\/\/diariodigitalmx.com\/?p=73073"},"modified":"2022-03-18T06:58:38","modified_gmt":"2022-03-18T12:58:38","slug":"cosas-del-tony-38","status":"publish","type":"post","link":"https:\/\/diariodigitalmx.com\/index.php\/2022\/03\/18\/cosas-del-tony-38\/","title":{"rendered":"Cosas del Tony"},"content":{"rendered":"\n<p>Por: Antonio S\u00e1nchez R.<\/p>\n\n\n\n<p>Karma Le\u00f3n?<\/p>\n\n\n\n<p>Cuando vimos aqu\u00e9llas im\u00e1genes de Rodrigo Medina de la Cruz vestido de naranja y sosteniendo la ficha penitenciaria apenas pod\u00edamos dar cr\u00e9dito a una acci\u00f3n impulsada por el casi flamante gobernador Jaime Rodr\u00edguez Calder\u00f3n en su anunciada \u201clucha\u201d contra la corrupci\u00f3n. Pero la ilusi\u00f3n dur\u00f3 apenas un suspiro: 19 horas. No se volvi\u00f3 a saber nada del ex gober, al menos en cuanto a un seguimiento judicial de su caso. La informaci\u00f3n recibida era s\u00f3lo de \u201csocialitos\u201d.<\/p>\n\n\n\n<p>En ese tiempo recordamos una vieja frase que se manejaba en pol\u00edtica desde hac\u00eda muchos a\u00f1os y cuya autor\u00eda se le adjudica al ex gobernador, Don Alfonso Mart\u00ednez Dom\u00ednguez y que dice, a la letra que \u201clos carnicero de hoy, ser\u00e1n las reses de ma\u00f1ana\u201d. Estas palabras nos se\u00f1alan o nos llevan a otras frases o dichos, como aqu\u00e9l de que \u201cno hagas a otro lo que no quieras para ti\u201d.<\/p>\n\n\n\n<p>No pas\u00f3 mucho tiempo para comprobar que los dichos no se hacen nom\u00e1s porque s\u00ed. Cinco a\u00f1os y casi dos meses despu\u00e9s de presumir el arresto del \u201cRodrigolden\u201d, el \u201cBronco\u201d comprueba en carne propia que el famoso \u201ckarma\u201d existe, ahora es \u00e9l quien est\u00e1 en el bote y sabr\u00e1 Dios por cu\u00e1nto tiempo permanecer\u00e1 ah\u00ed, si unas horas, d\u00edas o meses. A lo mejor para cuando usted est\u00e9 leyendo esto, el \u201cBronco\u201d ya podr\u00eda andar \u201ccabalgando\u201d en libertad.<\/p>\n\n\n\n<p>Porque nadie nos quita de la cabeza que, si bien es cierto que se hizo mucha alharaca, se levant\u00f3 mucho polvo y fue nota \u201cde ocho\u201d, pareciera que todo fue un montaje acordado por ambas partes y eso nos lleva a pensar en que muy probablemente est\u00e9 ocurriendo exactamente lo mismo y que lo \u00fanico que pudiese variar ser\u00eda el tiempo de permanencia del ex gober en el \u201cfresco bote\u201d.&nbsp;<\/p>\n\n\n\n<p>Por m\u00e1s que haya sido de com\u00fan acuerdo, no deja de ser deprimente y denigrante terminar como terminaron los dos \u00faltimos ex gobernadores, \u201cmascando barrote\u201d y siendo se\u00f1alados como delincuentes con argumentos que, como en el primero, en el caso de Rodrigo Medina, resultaron tan d\u00e9biles que no se le pudo volver a jalar a proceso alguno. En el caso de Jaime, lo del \u201cdelito electoral\u201d tiene sus asegunes y si no existen pruebas lo suficientemente s\u00f3lidas, podr\u00eda quedar en libertad.<\/p>\n\n\n\n<p>Como ya se vio, el \u201cKarma\u201d existe y aunque esto sea un montaje o un asunto de com\u00fan acuerdo, no se puede descartar que dentro de seis a\u00f1os volvamos a vivir algo similar y con otro ex gober, si es que no se cuidan las formas, porque el fondo, ah\u00ed ir\u00e1 apareciendo poco a&nbsp; poco. Como quien dice, \u201cInocencio\u201d Garc\u00eda, alias Samy Boy ben har\u00eda en poner sus escasas barbas a remojar, por si las de hule, no creen?<\/p>\n\n\n\n<p>En fin, que al \u201cNuevo\u201d Nuevo Le\u00f3n no le han faltado asuntos para estar en boca de todos, siendo el caso del \u201cBronco\u201d el que se lleva la plana, pero no dudamos ni tantito que pudiera ser que dentro de seis a\u00f1os el \u201cNuevo\u201d Nuevo Le\u00f3n se convierta en \u201cKarma Leon\u201d\u2026&nbsp;<\/p>\n","protected":false},"excerpt":{"rendered":"<p>Por: Antonio S\u00e1nchez R. Karma Le\u00f3n? Cuando vimos aqu\u00e9llas im\u00e1genes de Rodrigo Medina de la Cruz vestido de naranja y sosteniendo la ficha penitenciaria apenas pod\u00edamos dar cr\u00e9dito a una acci\u00f3n impulsada por el casi flamante gobernador Jaime Rodr\u00edguez Calder\u00f3n en su anunciada \u201clucha\u201d contra la corrupci\u00f3n. Pero la ilusi\u00f3n dur\u00f3 apenas un suspiro: 19 [&hellip;]<\/p>\n","protected":false},"author":1,"featured_media":73075,"comment_status":"open","ping_status":"open","sticky":true,"template":"","format":"standard","meta":{"footnotes":""},"categories":[14,12],"tags":[],"_links":{"self":[{"href":"https:\/\/diariodigitalmx.com\/index.php\/wp-json\/wp\/v2\/posts\/73073"}],"collection":[{"href":"https:\/\/diariodigitalmx.com\/index.php\/wp-json\/wp\/v2\/posts"}],"about":[{"href":"https:\/\/diariodigitalmx.com\/index.php\/wp-json\/wp\/v2\/types\/post"}],"author":[{"embeddable":true,"href":"https:\/\/diariodigitalmx.com\/index.php\/wp-json\/wp\/v2\/users\/1"}],"replies":[{"embeddable":true,"href":"https:\/\/diariodigitalmx.com\/index.php\/wp-json\/wp\/v2\/comments?post=73073"}],"version-history":[{"count":1,"href":"https:\/\/diariodigitalmx.com\/index.php\/wp-json\/wp\/v2\/posts\/73073\/revisions"}],"predecessor-version":[{"id":73074,"href":"https:\/\/diariodigitalmx.com\/index.php\/wp-json\/wp\/v2\/posts\/73073\/revisions\/73074"}],"wp:featuredmedia":[{"embeddable":true,"href":"https:\/\/diariodigitalmx.com\/index.php\/wp-json\/wp\/v2\/media\/73075"}],"wp:attachment":[{"href":"https:\/\/diariodigitalmx.com\/index.php\/wp-json\/wp\/v2\/media?parent=73073"}],"wp:term":[{"taxonomy":"category","embeddable":true,"href":"https:\/\/diariodigitalmx.com\/index.php\/wp-json\/wp\/v2\/categories?post=73073"},{"taxonomy":"post_tag","embeddable":true,"href":"https:\/\/diariodigitalmx.com\/index.php\/wp-json\/wp\/v2\/tags?post=73073"}],"curies":[{"name":"wp","href":"https:\/\/api.w.org\/{rel}","templated":true}]}}